{"id":5984,"date":"2011-08-02T19:00:52","date_gmt":"2011-08-02T23:00:52","guid":{"rendered":"http:\/\/www.yungayino.cl\/noticias\/?p=5984"},"modified":"2011-08-02T20:15:28","modified_gmt":"2011-08-03T00:15:28","slug":"pib-antumavida-celebro-el-dia-del-nino-en-yungay","status":"publish","type":"post","link":"https:\/\/www.yungayino.cl\/noticias\/?p=5984","title":{"rendered":"PIB Antum\u00e1vida Celebro el D\u00eda del Ni\u00f1o en Yungay"},"content":{"rendered":"<p><img loading=\"lazy\" decoding=\"async\" src=\"http:\/\/www.yungayino.cl\/imagenes\/opd20110725.jpg\" alt=\"YUNGAYINO.CL - El Portal de Yungay\" width=\"500\" height=\"200\" \/><\/p>\n<p><span style=\"font-family: arial,helvetica,sans-serif;\"><span style=\"font-size: small;\">Yungay, el Programa de Intervenci\u00f3n Breve <strong>\u201cAntum\u00e1vida\u201d<\/strong> perteneciente al Servicio Nacional de Menores \u2013 SENAME de la comuna de Yungay, desarrollo en el Sal\u00f3n Multiuso la celebraci\u00f3n del d\u00eda del ni\u00f1o a los que pertenecen al programa que trabaja con ni\u00f1os, ni\u00f1as y adolescentes que son v\u00edctimas de vulneraci\u00f3n de derechos. La actividad contemplo la participaci\u00f3n de familias de las comunas de Pemuco, EL Carmen, San Ignacio, Pinto y Yungay, comunas pertenecientes al radio de acci\u00f3n del Programa. La celebraci\u00f3n cont\u00f3 con la visita de la Directora de la Octava Regi\u00f3n del SENAME Se\u00f1ora Jessica Flores Reyes, qui\u00e9n destac\u00f3 la participaci\u00f3n de los ni\u00f1os y llamo a seguir trabajando por los derechos\u00a0 de ellos e insto a los padres hacer las denuncias respectivas en el caso de alg\u00fan da\u00f1o o agresi\u00f3n que sufran. Finalmente los ni\u00f1os y ni\u00f1as disfrutaron de los globos, dulces, bailes, concursos y sorpresas preparadas por el grupo de monitores.<\/span><\/span><\/p>\n<p><a href=\"http:\/\/www.facebook.com\/media\/set\/?set=a.263982103616836.85129.159561284058919&amp;saved\"><span style=\"font-family: arial,helvetica,sans-serif;\"><span style=\"font-size: small;\">Fotograf\u00edas<\/span><\/span><\/a><\/p>\n<p><object classid=\"clsid:d27cdb6e-ae6d-11cf-96b8-444553540000\" width=\"425\" height=\"350\" codebase=\"http:\/\/download.macromedia.com\/pub\/shockwave\/cabs\/flash\/swflash.cab#version=6,0,40,0\"><param name=\"src\" value=\"http:\/\/www.youtube.com\/v\/KPbe8sZ1JzA\" \/><embed type=\"application\/x-shockwave-flash\" width=\"425\" height=\"350\" src=\"http:\/\/www.youtube.com\/v\/KPbe8sZ1JzA\"><\/embed><\/object><\/p>\n","protected":false},"excerpt":{"rendered":"<p>Yungay, el Programa de Intervenci\u00f3n Breve \u201cAntum\u00e1vida\u201d perteneciente al Servicio Nacional de Menores \u2013 SENAME de la comuna de Yungay, desarrollo en el Sal\u00f3n Multiuso la celebraci\u00f3n del d\u00eda del ni\u00f1o a los que&#46;&#46;&#46;<\/p>\n","protected":false},"author":2,"featured_media":15664,"comment_status":"open","ping_status":"open","sticky":false,"template":"","format":"standard","meta":{"footnotes":""},"categories":[1],"tags":[408,1115,8,6],"class_list":["post-5984","post","type-post","status-publish","format-standard","has-post-thumbnail","hentry","category-noticias","tag-antumavida","tag-noticias","tag-yungay","tag-yungayino"],"_links":{"self":[{"href":"https:\/\/www.yungayino.cl\/noticias\/index.php?rest_route=\/wp\/v2\/posts\/5984","targetHints":{"allow":["GET"]}}],"collection":[{"href":"https:\/\/www.yungayino.cl\/noticias\/index.php?rest_route=\/wp\/v2\/posts"}],"about":[{"href":"https:\/\/www.yungayino.cl\/noticias\/index.php?rest_route=\/wp\/v2\/types\/post"}],"author":[{"embeddable":true,"href":"https:\/\/www.yungayino.cl\/noticias\/index.php?rest_route=\/wp\/v2\/users\/2"}],"replies":[{"embeddable":true,"href":"https:\/\/www.yungayino.cl\/noticias\/index.php?rest_route=%2Fwp%2Fv2%2Fcomments&post=5984"}],"version-history":[{"count":9,"href":"https:\/\/www.yungayino.cl\/noticias\/index.php?rest_route=\/wp\/v2\/posts\/5984\/revisions"}],"predecessor-version":[{"id":5993,"href":"https:\/\/www.yungayino.cl\/noticias\/index.php?rest_route=\/wp\/v2\/posts\/5984\/revisions\/5993"}],"wp:featuredmedia":[{"embeddable":true,"href":"https:\/\/www.yungayino.cl\/noticias\/index.php?rest_route=\/wp\/v2\/media\/15664"}],"wp:attachment":[{"href":"https:\/\/www.yungayino.cl\/noticias\/index.php?rest_route=%2Fwp%2Fv2%2Fmedia&parent=5984"}],"wp:term":[{"taxonomy":"category","embeddable":true,"href":"https:\/\/www.yungayino.cl\/noticias\/index.php?rest_route=%2Fwp%2Fv2%2Fcategories&post=5984"},{"taxonomy":"post_tag","embeddable":true,"href":"https:\/\/www.yungayino.cl\/noticias\/index.php?rest_route=%2Fwp%2Fv2%2Ftags&post=5984"}],"curies":[{"name":"wp","href":"https:\/\/api.w.org\/{rel}","templated":true}]}}