{"id":6018,"date":"2011-08-03T21:00:03","date_gmt":"2011-08-04T01:00:03","guid":{"rendered":"http:\/\/www.yungayino.cl\/noticias\/?p=6018"},"modified":"2011-08-04T22:11:02","modified_gmt":"2011-08-05T02:11:02","slug":"equipo-ine-comenzo-a-realizar-el-precenso-en-yungay","status":"publish","type":"post","link":"https:\/\/www.yungayino.cl\/noticias\/?p=6018","title":{"rendered":"Equipo INE Comenz\u00f3 a Realizar el Precenso en Yungay"},"content":{"rendered":"<p><img loading=\"lazy\" decoding=\"async\" src=\"http:\/\/www.yungayino.cl\/imagenes\/precenso20110804.jpg\" alt=\"YUNGAYINO.CL - El Portal de Yungay\" width=\"500\" height=\"200\" \/><\/p>\n<p><span style=\"font-family: arial,helvetica,sans-serif;\"><span style=\"font-size: small;\">Yungay, el Equipo de INE comenz\u00f3 este lunes 01 de agosto a realizar el Precenso en nuestra comuna, para lo cu\u00e1l estar\u00e1n cerca de dos meses recorriendo distintos sectores, debidamente identificados, con indumentaria institucional, portar\u00e1n credencial y casaquilla azul con logo, todo coordinado y supervisado por la Ilustre Municipalidad de Yungay, por lo que se solicita la colaboraci\u00f3n de la poblaci\u00f3n para contestar a los requerimientos de la forma m\u00e1s fidedigna posible, encuesta que no dura m\u00e1s de 5 minutos, consta de preguntas muy sencillas que han de ser contestadas por el jefe (a) de hogar o miembro del grupo familiar, de preferencia mayor de 14 a\u00f1os. Estos enumeradores estar\u00e1n en todos los barrios y viviendas de nuestra comuna, tanto urbanas como rurales para hacer un levantamiento con la cantidad de manzanas, edificaciones, viviendas y hogares que existen en Yungay. El objetivo fundamental del Precenso es dividir con criterios t\u00e9cnicos el territorio comunal a encuestar en \u201cSectores de Empadronamiento\u201d, segregaci\u00f3n que permitir\u00e1 a los empadronadores realizar con \u00e9xito su labor el d\u00eda del Censo.<\/span><\/span><\/p>\n<p><a href=\"http:\/\/www.yungayino.cl\/imagenes\/precenso20110804.docx\"><span style=\"font-family: arial,helvetica,sans-serif;\"><span style=\"font-size: small;\">M\u00e1s Informaci\u00f3n<\/span><\/span><\/a><\/p>\n","protected":false},"excerpt":{"rendered":"<p>Yungay, el Equipo de INE comenz\u00f3 este lunes 01 de agosto a realizar el Precenso en nuestra comuna, para lo cu\u00e1l estar\u00e1n cerca de dos meses recorriendo distintos sectores, debidamente identificados, con indumentaria institucional,&#46;&#46;&#46;<\/p>\n","protected":false},"author":2,"featured_media":15666,"comment_status":"open","ping_status":"open","sticky":false,"template":"","format":"standard","meta":{"footnotes":""},"categories":[1],"tags":[356,1115,409,8,6],"class_list":["post-6018","post","type-post","status-publish","format-standard","has-post-thumbnail","hentry","category-noticias","tag-municipalidad","tag-noticias","tag-precenso","tag-yungay","tag-yungayino"],"_links":{"self":[{"href":"https:\/\/www.yungayino.cl\/noticias\/index.php?rest_route=\/wp\/v2\/posts\/6018","targetHints":{"allow":["GET"]}}],"collection":[{"href":"https:\/\/www.yungayino.cl\/noticias\/index.php?rest_route=\/wp\/v2\/posts"}],"about":[{"href":"https:\/\/www.yungayino.cl\/noticias\/index.php?rest_route=\/wp\/v2\/types\/post"}],"author":[{"embeddable":true,"href":"https:\/\/www.yungayino.cl\/noticias\/index.php?rest_route=\/wp\/v2\/users\/2"}],"replies":[{"embeddable":true,"href":"https:\/\/www.yungayino.cl\/noticias\/index.php?rest_route=%2Fwp%2Fv2%2Fcomments&post=6018"}],"version-history":[{"count":4,"href":"https:\/\/www.yungayino.cl\/noticias\/index.php?rest_route=\/wp\/v2\/posts\/6018\/revisions"}],"predecessor-version":[{"id":6021,"href":"https:\/\/www.yungayino.cl\/noticias\/index.php?rest_route=\/wp\/v2\/posts\/6018\/revisions\/6021"}],"wp:featuredmedia":[{"embeddable":true,"href":"https:\/\/www.yungayino.cl\/noticias\/index.php?rest_route=\/wp\/v2\/media\/15666"}],"wp:attachment":[{"href":"https:\/\/www.yungayino.cl\/noticias\/index.php?rest_route=%2Fwp%2Fv2%2Fmedia&parent=6018"}],"wp:term":[{"taxonomy":"category","embeddable":true,"href":"https:\/\/www.yungayino.cl\/noticias\/index.php?rest_route=%2Fwp%2Fv2%2Fcategories&post=6018"},{"taxonomy":"post_tag","embeddable":true,"href":"https:\/\/www.yungayino.cl\/noticias\/index.php?rest_route=%2Fwp%2Fv2%2Ftags&post=6018"}],"curies":[{"name":"wp","href":"https:\/\/api.w.org\/{rel}","templated":true}]}}