{"id":6027,"date":"2011-08-04T13:00:29","date_gmt":"2011-08-04T17:00:29","guid":{"rendered":"http:\/\/www.yungayino.cl\/noticias\/?p=6027"},"modified":"2011-08-04T22:40:31","modified_gmt":"2011-08-05T02:40:31","slug":"adultos-mayores-yungayinos-%e2%80%9cdespertando-a-la-vida-%e2%80%9crealizaron-presentacion-en-canal-de-television-tvu","status":"publish","type":"post","link":"https:\/\/www.yungayino.cl\/noticias\/?p=6027","title":{"rendered":"Adultos Mayores Yungayinos \u201cDespertando a la Vida \u201cRealizaron  Presentaci\u00f3n en Canal de Televisi\u00f3n TVU"},"content":{"rendered":"<p><img loading=\"lazy\" decoding=\"async\" src=\"http:\/\/www.yungayino.cl\/imagenes\/tvu.jpg\" alt=\"YUNGAYINO.CL - El Portal de Yungay\" width=\"500\" height=\"200\" \/><\/p>\n<p><span style=\"font-family: arial,helvetica,sans-serif;\"><span style=\"font-size: small;\">El Grupo de Adultos Mayores \u201cDespertando a la Vida \u201c realizaron\u00a0 presentaci\u00f3n en Canal de Televisi\u00f3n TVU de Concepci\u00f3n, acompa\u00f1ados por el alcalde Pedro Inostroza, Lorena Acu\u00f1a de DIDECO, Oscar Sep\u00falveda, encargado de\u00a0Cultura\u00a0Municipal y su monitora Jacqueline Segura. La delegaci\u00f3n yungayina participo en el Matinal \u00abSiempre Juntos\u00bb el pasado lunes 01 de agosto donde los adultos mayores se destacaron realizando 3 presentaciones art\u00edsticas en vivo para el matinal regional, adem\u00e1s en la ocasi\u00f3n el Alcalde y la directora de desarrollo comunitario, fueron entrevistados por\u00a0los conductores del matinal abordando temas de la actualidad de nuestra comuna y diferentes programas\u00a0que se aplicar\u00e1n en materia de desarrollo social y el constante\u00a0trabajo que se est\u00e1 realizando con nuestros adultos mayores. Finalmente despu\u00e9s de la destacada presentaci\u00f3n de la delegaci\u00f3n yungayina en el Canal Regional compartieron un almuerzo.<\/span><\/span><\/p>\n<p><a href=\"http:\/\/www.facebook.com\/media\/set\/?set=a.265107446837635.85312.159561284058919&amp;saved\"><span style=\"font-family: arial,helvetica,sans-serif;\"><span style=\"font-size: small;\">Fotograf\u00edas<\/span><\/span><\/a><\/p>\n","protected":false},"excerpt":{"rendered":"<p>El Grupo de Adultos Mayores \u201cDespertando a la Vida \u201c realizaron\u00a0 presentaci\u00f3n en Canal de Televisi\u00f3n TVU de Concepci\u00f3n, acompa\u00f1ados por el alcalde Pedro Inostroza, Lorena Acu\u00f1a de DIDECO, Oscar Sep\u00falveda, encargado de\u00a0Cultura\u00a0Municipal y&#46;&#46;&#46;<\/p>\n","protected":false},"author":2,"featured_media":15668,"comment_status":"open","ping_status":"open","sticky":false,"template":"","format":"standard","meta":{"footnotes":""},"categories":[1],"tags":[356,1115,8,6],"class_list":["post-6027","post","type-post","status-publish","format-standard","has-post-thumbnail","hentry","category-noticias","tag-municipalidad","tag-noticias","tag-yungay","tag-yungayino"],"_links":{"self":[{"href":"https:\/\/www.yungayino.cl\/noticias\/index.php?rest_route=\/wp\/v2\/posts\/6027","targetHints":{"allow":["GET"]}}],"collection":[{"href":"https:\/\/www.yungayino.cl\/noticias\/index.php?rest_route=\/wp\/v2\/posts"}],"about":[{"href":"https:\/\/www.yungayino.cl\/noticias\/index.php?rest_route=\/wp\/v2\/types\/post"}],"author":[{"embeddable":true,"href":"https:\/\/www.yungayino.cl\/noticias\/index.php?rest_route=\/wp\/v2\/users\/2"}],"replies":[{"embeddable":true,"href":"https:\/\/www.yungayino.cl\/noticias\/index.php?rest_route=%2Fwp%2Fv2%2Fcomments&post=6027"}],"version-history":[{"count":5,"href":"https:\/\/www.yungayino.cl\/noticias\/index.php?rest_route=\/wp\/v2\/posts\/6027\/revisions"}],"predecessor-version":[{"id":6032,"href":"https:\/\/www.yungayino.cl\/noticias\/index.php?rest_route=\/wp\/v2\/posts\/6027\/revisions\/6032"}],"wp:featuredmedia":[{"embeddable":true,"href":"https:\/\/www.yungayino.cl\/noticias\/index.php?rest_route=\/wp\/v2\/media\/15668"}],"wp:attachment":[{"href":"https:\/\/www.yungayino.cl\/noticias\/index.php?rest_route=%2Fwp%2Fv2%2Fmedia&parent=6027"}],"wp:term":[{"taxonomy":"category","embeddable":true,"href":"https:\/\/www.yungayino.cl\/noticias\/index.php?rest_route=%2Fwp%2Fv2%2Fcategories&post=6027"},{"taxonomy":"post_tag","embeddable":true,"href":"https:\/\/www.yungayino.cl\/noticias\/index.php?rest_route=%2Fwp%2Fv2%2Ftags&post=6027"}],"curies":[{"name":"wp","href":"https:\/\/api.w.org\/{rel}","templated":true}]}}