{"id":6128,"date":"2011-08-11T09:30:00","date_gmt":"2011-08-11T13:30:00","guid":{"rendered":"http:\/\/www.yungayino.cl\/noticias\/?p=6128"},"modified":"2011-08-15T17:26:16","modified_gmt":"2011-08-15T21:26:16","slug":"monsenor-carlos-pellegrin-obispo-de-chillan-comenzo-su-visita-pastoral-a-la-comunidad-de-yungay","status":"publish","type":"post","link":"https:\/\/www.yungayino.cl\/noticias\/?p=6128","title":{"rendered":"Monse\u00f1or Carlos Pellegrin, Obispo de Chill\u00e1n comenz\u00f3 su visita Pastoral a la Comunidad de Yungay"},"content":{"rendered":"<p><img loading=\"lazy\" decoding=\"async\" src=\"http:\/\/www.yungayino.cl\/imagenes\/comisaria20110811.jpg\" alt=\"YUNGAYINO.CL - El Portal de Yungay\" width=\"500\" height=\"200\" \/><\/p>\n<p><span style=\"font-family: arial,helvetica,sans-serif;\"><span style=\"font-size: small;\">Yungay, 11 de agosto Monse\u00f1or Carlos Pellegrin, Obispo de Chill\u00e1n comenz\u00f3 su visita Pastoral a la comunidad de Yungay la cu\u00e1l se extender\u00eda hasta el domingo 14. Durante la jornada de hoy se reuni\u00f3 y comparti\u00f3 un desayuno con el Consejo Municipal y el alcalde Pedro Inostroza para posteriormente dirigirse a la Cuarta Comisar\u00eda de Carabineros donde fue recibido por el Mayor John Cornejo y funcionarios, quienes recibieron la bendici\u00f3n y adem\u00e1s en la ocasi\u00f3n \u00a0bendijo los veh\u00edculos policiales. La visita Pastoral de Monse\u00f1or Carlos Pellegrin tiene contemplado un amplio programa de actividades dentro de las cuales se destacan la visita a la c\u00e1rcel, al hospital, hogar de ancianos y unci\u00f3n a los enfermos, visita a la Planta Paneles Arauco y zonas rurales para finalizar con una Misa Eucar\u00edstica junto al Padre Nelson Jara el domingo, ocasi\u00f3n en la que se reinaugurar\u00e1 la Parroquia San Miguel. Finalmente el Equipo del Portal Yungayino.cl converso con Monse\u00f1or qui\u00e9n env\u00edo el siguiente mensaje a la comunidad yungayina \u201cDeseo que esta visita traiga mucha paz y que promueva tambi\u00e9n la comuni\u00f3n y el dialogo que necesitamos sobre todo en estos d\u00edas en Chile, para encontrarnos y aceptarnos con la diversidad que cada uno tiene. Y sobre todo hacer un aporte de la iglesia cat\u00f3lica, tambi\u00e9n a todas las sociedades de Yungay dentro de lo posible y aportar con un granito de arena humildemente\u201d.<\/span><\/span><\/p>\n<p><a href=\"http:\/\/www.facebook.com\/media\/set\/?set=a.268786493136397.86025.159561284058919&amp;saved\"><span style=\"font-family: arial,helvetica,sans-serif;\"><span style=\"font-size: small;\">Fotograf\u00edas<\/span><\/span><\/a><\/p>\n","protected":false},"excerpt":{"rendered":"<p>Yungay, 11 de agosto Monse\u00f1or Carlos Pellegrin, Obispo de Chill\u00e1n comenz\u00f3 su visita Pastoral a la comunidad de Yungay la cu\u00e1l se extender\u00eda hasta el domingo 14. Durante la jornada de hoy se reuni\u00f3&#46;&#46;&#46;<\/p>\n","protected":false},"author":2,"featured_media":15685,"comment_status":"open","ping_status":"open","sticky":false,"template":"","format":"standard","meta":{"footnotes":""},"categories":[1],"tags":[1115,8,6],"class_list":["post-6128","post","type-post","status-publish","format-standard","has-post-thumbnail","hentry","category-noticias","tag-noticias","tag-yungay","tag-yungayino"],"_links":{"self":[{"href":"https:\/\/www.yungayino.cl\/noticias\/index.php?rest_route=\/wp\/v2\/posts\/6128","targetHints":{"allow":["GET"]}}],"collection":[{"href":"https:\/\/www.yungayino.cl\/noticias\/index.php?rest_route=\/wp\/v2\/posts"}],"about":[{"href":"https:\/\/www.yungayino.cl\/noticias\/index.php?rest_route=\/wp\/v2\/types\/post"}],"author":[{"embeddable":true,"href":"https:\/\/www.yungayino.cl\/noticias\/index.php?rest_route=\/wp\/v2\/users\/2"}],"replies":[{"embeddable":true,"href":"https:\/\/www.yungayino.cl\/noticias\/index.php?rest_route=%2Fwp%2Fv2%2Fcomments&post=6128"}],"version-history":[{"count":6,"href":"https:\/\/www.yungayino.cl\/noticias\/index.php?rest_route=\/wp\/v2\/posts\/6128\/revisions"}],"predecessor-version":[{"id":6133,"href":"https:\/\/www.yungayino.cl\/noticias\/index.php?rest_route=\/wp\/v2\/posts\/6128\/revisions\/6133"}],"wp:featuredmedia":[{"embeddable":true,"href":"https:\/\/www.yungayino.cl\/noticias\/index.php?rest_route=\/wp\/v2\/media\/15685"}],"wp:attachment":[{"href":"https:\/\/www.yungayino.cl\/noticias\/index.php?rest_route=%2Fwp%2Fv2%2Fmedia&parent=6128"}],"wp:term":[{"taxonomy":"category","embeddable":true,"href":"https:\/\/www.yungayino.cl\/noticias\/index.php?rest_route=%2Fwp%2Fv2%2Fcategories&post=6128"},{"taxonomy":"post_tag","embeddable":true,"href":"https:\/\/www.yungayino.cl\/noticias\/index.php?rest_route=%2Fwp%2Fv2%2Ftags&post=6128"}],"curies":[{"name":"wp","href":"https:\/\/api.w.org\/{rel}","templated":true}]}}