{"id":6188,"date":"2011-09-02T22:00:15","date_gmt":"2011-09-03T02:00:15","guid":{"rendered":"http:\/\/www.yungayino.cl\/noticias\/?p=6188"},"modified":"2011-09-11T18:13:07","modified_gmt":"2011-09-11T22:13:07","slug":"en-yungay-se-realizo-muestra-folclorica","status":"publish","type":"post","link":"https:\/\/www.yungayino.cl\/noticias\/?p=6188","title":{"rendered":"En Yungay se Realiz\u00f3 Muestra Folcl\u00f3rica"},"content":{"rendered":"<p><img loading=\"lazy\" decoding=\"async\" src=\"http:\/\/www.yungayino.cl\/imagenes\/folclor20110902.jpg\" alt=\"YUNGAYINO.CL - El Portal de Yungay\" width=\"500\" height=\"200\" \/><\/p>\n<p><span style=\"font-family: arial,helvetica,sans-serif;\"><span style=\"font-size: small;\">Yungay viernes 02 de septiembre, en el Sal\u00f3n Multiuso a partir de las 20:00 horas se llevo a cabo una muestra folcl\u00f3rica que fue organizada por el municipio yungayino y que ten\u00eda como objetivo mantener nuestra identidad de las tradiciones de nuestro folclor. En la ocasi\u00f3n se presentaron grupos folcl\u00f3ricos de nuestra comuna, la presentaci\u00f3n de bailes por parte de grupos de adultos mayores, los cuales viven su alegr\u00eda en plenitud a trav\u00e9s de la m\u00fasica y el folclor chileno. La actividad fue liderada por el Administrador Municipal Alexis P\u00e9rez y la Jefa de DIDECO Lorena Acu\u00f1a.<\/span><\/span><\/p>\n<p><a href=\"http:\/\/www.facebook.com\/media\/set\/?set=a.281011321913914.88423.159561284058919&amp;saved\"><span style=\"font-family: arial,helvetica,sans-serif;\"><span style=\"font-size: small;\">Fotograf\u00edas<\/span><\/span><\/a><\/p>\n","protected":false},"excerpt":{"rendered":"<p>Yungay viernes 02 de septiembre, en el Sal\u00f3n Multiuso a partir de las 20:00 horas se llevo a cabo una muestra folcl\u00f3rica que fue organizada por el municipio yungayino y que ten\u00eda como objetivo&#46;&#46;&#46;<\/p>\n","protected":false},"author":2,"featured_media":15696,"comment_status":"open","ping_status":"open","sticky":false,"template":"","format":"standard","meta":{"footnotes":""},"categories":[1],"tags":[414,356,1115,8,6],"class_list":["post-6188","post","type-post","status-publish","format-standard","has-post-thumbnail","hentry","category-noticias","tag-muestra-folclorica","tag-municipalidad","tag-noticias","tag-yungay","tag-yungayino"],"_links":{"self":[{"href":"https:\/\/www.yungayino.cl\/noticias\/index.php?rest_route=\/wp\/v2\/posts\/6188","targetHints":{"allow":["GET"]}}],"collection":[{"href":"https:\/\/www.yungayino.cl\/noticias\/index.php?rest_route=\/wp\/v2\/posts"}],"about":[{"href":"https:\/\/www.yungayino.cl\/noticias\/index.php?rest_route=\/wp\/v2\/types\/post"}],"author":[{"embeddable":true,"href":"https:\/\/www.yungayino.cl\/noticias\/index.php?rest_route=\/wp\/v2\/users\/2"}],"replies":[{"embeddable":true,"href":"https:\/\/www.yungayino.cl\/noticias\/index.php?rest_route=%2Fwp%2Fv2%2Fcomments&post=6188"}],"version-history":[{"count":6,"href":"https:\/\/www.yungayino.cl\/noticias\/index.php?rest_route=\/wp\/v2\/posts\/6188\/revisions"}],"predecessor-version":[{"id":6218,"href":"https:\/\/www.yungayino.cl\/noticias\/index.php?rest_route=\/wp\/v2\/posts\/6188\/revisions\/6218"}],"wp:featuredmedia":[{"embeddable":true,"href":"https:\/\/www.yungayino.cl\/noticias\/index.php?rest_route=\/wp\/v2\/media\/15696"}],"wp:attachment":[{"href":"https:\/\/www.yungayino.cl\/noticias\/index.php?rest_route=%2Fwp%2Fv2%2Fmedia&parent=6188"}],"wp:term":[{"taxonomy":"category","embeddable":true,"href":"https:\/\/www.yungayino.cl\/noticias\/index.php?rest_route=%2Fwp%2Fv2%2Fcategories&post=6188"},{"taxonomy":"post_tag","embeddable":true,"href":"https:\/\/www.yungayino.cl\/noticias\/index.php?rest_route=%2Fwp%2Fv2%2Ftags&post=6188"}],"curies":[{"name":"wp","href":"https:\/\/api.w.org\/{rel}","templated":true}]}}