{"id":620,"date":"2009-03-13T12:00:10","date_gmt":"2009-03-13T16:00:10","guid":{"rendered":"http:\/\/www.yungayino.cl\/noticias\/?p=620"},"modified":"2009-03-13T18:21:41","modified_gmt":"2009-03-13T22:21:41","slug":"detienen-a-dos-personas-en-yungay-por-trafico-y-cultivo-de-marihuana","status":"publish","type":"post","link":"https:\/\/www.yungayino.cl\/noticias\/?p=620","title":{"rendered":"Detienen a dos personas en Yungay por tr\u00e1fico y cultivo de marihuana"},"content":{"rendered":"<p><img decoding=\"async\" src=\"http:\/\/www.yungayino.cl\/imagenes\/comisariayungay.jpg\" alt=\"Carabineros de Yungay\" \/><\/p>\n<p align=\"justify\"><font size=\"2\">Yungay, viernes 13 de marzo seg\u00fan los antecedentes entregados por el Capit\u00e1n de Carabineros Juan Arancibia nos indica que cuando el m\u00f3vil de Carabineros realizaba sus actividades de trabajo habr\u00edan intersectado a un joven en un comportamiento sospechoso adem\u00e1s de corresponder a los datos f\u00edsicos entregados por los asaltos ocurridos anteriormente en nuestra comuna, realizando por ello un control de identidad y revisando al sujeto por si portaba algo extra\u00f1o, encontrando marihuana dentro de sus pertenencias, dirigi\u00e9ndose posteriormente a su domicilio ubicado en el sector El Cardal para realizar una inspecci\u00f3n minuciosa de la vivienda encontrando un kilo y medio de marihuana elaborada lista para dosificarla y luego venderla. Quedando as\u00ed detenidos Javier Andr\u00e9s Inostroza Flores de 25 a\u00f1os de edad por tr\u00e1fico y su madre Hilda Pur\u00edsima Flores Rojas de 55 a\u00f1os de edad por cultivo y cosecha, ambas personas quedaron a disposici\u00f3n del Juzgado de Garant\u00eda.<br \/>\nEl Capit\u00e1n Juan Arancibia hizo un llamado a la Comunidad a denunciar en Carabineros a cualquier persona que tenga un comportamiento extra\u00f1o o que se encuentre en un sector que no sea el habitual, si la persona que denuncie alg\u00fan hecho pide reservar su identidad Carabineros respeta y acepta esta decisi\u00f3n sin relevar los datos de la persona que realiz\u00f3 la denuncia.<\/font><\/p>\n","protected":false},"excerpt":{"rendered":"<p>Yungay, viernes 13 de marzo seg\u00fan los antecedentes entregados por el Capit\u00e1n de Carabineros Juan Arancibia nos indica que cuando el m\u00f3vil de Carabineros realizaba sus actividades de trabajo habr\u00edan intersectado a un joven&#46;&#46;&#46;<\/p>\n","protected":false},"author":2,"featured_media":14936,"comment_status":"closed","ping_status":"closed","sticky":false,"template":"","format":"standard","meta":{"footnotes":""},"categories":[1],"tags":[1115,8,6],"class_list":["post-620","post","type-post","status-publish","format-standard","has-post-thumbnail","hentry","category-noticias","tag-noticias","tag-yungay","tag-yungayino"],"_links":{"self":[{"href":"https:\/\/www.yungayino.cl\/noticias\/index.php?rest_route=\/wp\/v2\/posts\/620","targetHints":{"allow":["GET"]}}],"collection":[{"href":"https:\/\/www.yungayino.cl\/noticias\/index.php?rest_route=\/wp\/v2\/posts"}],"about":[{"href":"https:\/\/www.yungayino.cl\/noticias\/index.php?rest_route=\/wp\/v2\/types\/post"}],"author":[{"embeddable":true,"href":"https:\/\/www.yungayino.cl\/noticias\/index.php?rest_route=\/wp\/v2\/users\/2"}],"replies":[{"embeddable":true,"href":"https:\/\/www.yungayino.cl\/noticias\/index.php?rest_route=%2Fwp%2Fv2%2Fcomments&post=620"}],"version-history":[{"count":5,"href":"https:\/\/www.yungayino.cl\/noticias\/index.php?rest_route=\/wp\/v2\/posts\/620\/revisions"}],"predecessor-version":[{"id":625,"href":"https:\/\/www.yungayino.cl\/noticias\/index.php?rest_route=\/wp\/v2\/posts\/620\/revisions\/625"}],"wp:featuredmedia":[{"embeddable":true,"href":"https:\/\/www.yungayino.cl\/noticias\/index.php?rest_route=\/wp\/v2\/media\/14936"}],"wp:attachment":[{"href":"https:\/\/www.yungayino.cl\/noticias\/index.php?rest_route=%2Fwp%2Fv2%2Fmedia&parent=620"}],"wp:term":[{"taxonomy":"category","embeddable":true,"href":"https:\/\/www.yungayino.cl\/noticias\/index.php?rest_route=%2Fwp%2Fv2%2Fcategories&post=620"},{"taxonomy":"post_tag","embeddable":true,"href":"https:\/\/www.yungayino.cl\/noticias\/index.php?rest_route=%2Fwp%2Fv2%2Ftags&post=620"}],"curies":[{"name":"wp","href":"https:\/\/api.w.org\/{rel}","templated":true}]}}