{"id":6201,"date":"2011-09-09T17:00:39","date_gmt":"2011-09-09T21:00:39","guid":{"rendered":"http:\/\/www.yungayino.cl\/noticias\/?p=6201"},"modified":"2011-09-11T18:17:13","modified_gmt":"2011-09-11T22:17:13","slug":"pareja-de-cueca-yungayina-son-campeones-regionales-al-ganar-campeonato-realizado-en-mulchen","status":"publish","type":"post","link":"https:\/\/www.yungayino.cl\/noticias\/?p=6201","title":{"rendered":"Pareja de Cueca Yungayina son Campeones Regionales al Ganar Campeonato Realizado en Mulch\u00e9n"},"content":{"rendered":"<p><img loading=\"lazy\" decoding=\"async\" src=\"http:\/\/www.yungayino.cl\/imagenes\/cueca20110902.jpg\" alt=\"YUNGAYINO.CL - El Portal de Yungay\" width=\"500\" height=\"200\" \/><\/p>\n<p><span style=\"font-family: arial,helvetica,sans-serif;\"><span style=\"font-size: small;\">Yungay, la pareja de cueca yungayina conformada por Valentina Sandoval de 14 a\u00f1os y Edgar Mu\u00f1oz de 16 a\u00f1os obtuvieron el pasado s\u00e1bado 03 de septiembre el primer lugar, por lo que se coronaron Campeones Regionales del Campeonato \u201cJ\u00f3venes del Bicentenario\u201d disputado en la comuna de Mulch\u00e9n. Este importante triunfo permitir\u00e1 que la pareja yungayina participe en el Nacional que se llevara a cavo entre los d\u00edas 21 y 25 de septiembre en la Comuna de San Pedro de Melipilla.<\/span><\/span><\/p>\n<p><span style=\"font-family: arial,helvetica,sans-serif;\"><span style=\"font-size: small;\"><object classid=\"clsid:d27cdb6e-ae6d-11cf-96b8-444553540000\" width=\"425\" height=\"350\" codebase=\"http:\/\/download.macromedia.com\/pub\/shockwave\/cabs\/flash\/swflash.cab#version=6,0,40,0\"><param name=\"src\" value=\"http:\/\/www.youtube.com\/v\/6a30kmEnLUg\" \/><embed type=\"application\/x-shockwave-flash\" width=\"425\" height=\"350\" src=\"http:\/\/www.youtube.com\/v\/6a30kmEnLUg\"><\/embed><\/object><br \/>\n<\/span><\/span><\/p>\n","protected":false},"excerpt":{"rendered":"<p>Yungay, la pareja de cueca yungayina conformada por Valentina Sandoval de 14 a\u00f1os y Edgar Mu\u00f1oz de 16 a\u00f1os obtuvieron el pasado s\u00e1bado 03 de septiembre el primer lugar, por lo que se coronaron&#46;&#46;&#46;<\/p>\n","protected":false},"author":2,"featured_media":15699,"comment_status":"open","ping_status":"open","sticky":false,"template":"","format":"standard","meta":{"footnotes":""},"categories":[1],"tags":[1115,8,6],"class_list":["post-6201","post","type-post","status-publish","format-standard","has-post-thumbnail","hentry","category-noticias","tag-noticias","tag-yungay","tag-yungayino"],"_links":{"self":[{"href":"https:\/\/www.yungayino.cl\/noticias\/index.php?rest_route=\/wp\/v2\/posts\/6201","targetHints":{"allow":["GET"]}}],"collection":[{"href":"https:\/\/www.yungayino.cl\/noticias\/index.php?rest_route=\/wp\/v2\/posts"}],"about":[{"href":"https:\/\/www.yungayino.cl\/noticias\/index.php?rest_route=\/wp\/v2\/types\/post"}],"author":[{"embeddable":true,"href":"https:\/\/www.yungayino.cl\/noticias\/index.php?rest_route=\/wp\/v2\/users\/2"}],"replies":[{"embeddable":true,"href":"https:\/\/www.yungayino.cl\/noticias\/index.php?rest_route=%2Fwp%2Fv2%2Fcomments&post=6201"}],"version-history":[{"count":6,"href":"https:\/\/www.yungayino.cl\/noticias\/index.php?rest_route=\/wp\/v2\/posts\/6201\/revisions"}],"predecessor-version":[{"id":6220,"href":"https:\/\/www.yungayino.cl\/noticias\/index.php?rest_route=\/wp\/v2\/posts\/6201\/revisions\/6220"}],"wp:featuredmedia":[{"embeddable":true,"href":"https:\/\/www.yungayino.cl\/noticias\/index.php?rest_route=\/wp\/v2\/media\/15699"}],"wp:attachment":[{"href":"https:\/\/www.yungayino.cl\/noticias\/index.php?rest_route=%2Fwp%2Fv2%2Fmedia&parent=6201"}],"wp:term":[{"taxonomy":"category","embeddable":true,"href":"https:\/\/www.yungayino.cl\/noticias\/index.php?rest_route=%2Fwp%2Fv2%2Fcategories&post=6201"},{"taxonomy":"post_tag","embeddable":true,"href":"https:\/\/www.yungayino.cl\/noticias\/index.php?rest_route=%2Fwp%2Fv2%2Ftags&post=6201"}],"curies":[{"name":"wp","href":"https:\/\/api.w.org\/{rel}","templated":true}]}}