{"id":6225,"date":"2011-09-12T15:00:18","date_gmt":"2011-09-12T19:00:18","guid":{"rendered":"http:\/\/www.yungayino.cl\/noticias\/?p=6225"},"modified":"2011-09-13T07:45:52","modified_gmt":"2011-09-13T11:45:52","slug":"fonderos-de-yungay-trabajan-a-toda-maquina-con-motivo-de-fiestas-patrias","status":"publish","type":"post","link":"https:\/\/www.yungayino.cl\/noticias\/?p=6225","title":{"rendered":"Fonderos de Yungay Trabajan a Toda M\u00e1quina con Motivo de Fiestas Patrias"},"content":{"rendered":"<p><img loading=\"lazy\" decoding=\"async\" src=\"http:\/\/www.yungayino.cl\/imagenes\/ramadas20110912.jpg\" alt=\"YUNGAYINO.CL - El Portal de Yungay\" width=\"500\" height=\"200\" \/><\/p>\n<p>Yungay, 12 de septiembre a toda m\u00e1quina est\u00e1n trabajando los fonderos yungayinos de las zonas urbana y rural para tener todo listo y atender a la comunidad y visitantes este fin de semana largo en el cu\u00e1l se celebrar\u00e1 un nuevo aniversario de nuestro Pa\u00eds. En <span style=\"font-family: arial,helvetica,sans-serif;\"><span style=\"font-size: small;\">Yungay habr\u00e1n autorizadas siete ramadas, cinco cociner\u00edas, cuatros puestos de chicha y juegos para la diversi\u00f3n de chicos y grandes, las cuales ofrecer\u00e1n las ricas empanadas, anticuchos, chilenitos, sopaipillas\u00a0 y comidas t\u00edpicas entre otros. El equipo del Portal visito en terreno a los fonderos quienes trabajaban afanadamente con serrucho y martillo para terminar sus fondas, adem\u00e1s conversaron con el conocido comerciante \u201cEl Liche\u201d qui\u00e9n hizo un llamado a los yungayinos y visitantes a visitar los locales a disfrutar y pasar estas fiestas en familia. Tambi\u00e9n durante la jornada de hoy el alcalde Pedro Inostroza acompa\u00f1ado por el Mayor de Carabineros John Cornejo recorrieron las instalaciones para posteriormente participar de una reuni\u00f3n junto a los locatarios y as\u00ed coordinarse y garantizar la seguridad para toda la familia yungayina y sus visitantes que pasaran esta fiestas patrias en nuestra comuna.<\/span><\/span><\/p>\n<p><a href=\"http:\/\/www.facebook.com\/media\/set\/?set=a.285917698089943.89455.159561284058919\"><span style=\"font-family: arial,helvetica,sans-serif;\"><span style=\"font-size: small;\">Fotograf\u00edas<\/span><\/span><\/a><\/p>\n","protected":false},"excerpt":{"rendered":"<p>Yungay, 12 de septiembre a toda m\u00e1quina est\u00e1n trabajando los fonderos yungayinos de las zonas urbana y rural para tener todo listo y atender a la comunidad y visitantes este fin de semana largo&#46;&#46;&#46;<\/p>\n","protected":false},"author":2,"featured_media":15704,"comment_status":"open","ping_status":"open","sticky":false,"template":"","format":"standard","meta":{"footnotes":""},"categories":[1],"tags":[1115,8,6],"class_list":["post-6225","post","type-post","status-publish","format-standard","has-post-thumbnail","hentry","category-noticias","tag-noticias","tag-yungay","tag-yungayino"],"_links":{"self":[{"href":"https:\/\/www.yungayino.cl\/noticias\/index.php?rest_route=\/wp\/v2\/posts\/6225","targetHints":{"allow":["GET"]}}],"collection":[{"href":"https:\/\/www.yungayino.cl\/noticias\/index.php?rest_route=\/wp\/v2\/posts"}],"about":[{"href":"https:\/\/www.yungayino.cl\/noticias\/index.php?rest_route=\/wp\/v2\/types\/post"}],"author":[{"embeddable":true,"href":"https:\/\/www.yungayino.cl\/noticias\/index.php?rest_route=\/wp\/v2\/users\/2"}],"replies":[{"embeddable":true,"href":"https:\/\/www.yungayino.cl\/noticias\/index.php?rest_route=%2Fwp%2Fv2%2Fcomments&post=6225"}],"version-history":[{"count":4,"href":"https:\/\/www.yungayino.cl\/noticias\/index.php?rest_route=\/wp\/v2\/posts\/6225\/revisions"}],"predecessor-version":[{"id":6229,"href":"https:\/\/www.yungayino.cl\/noticias\/index.php?rest_route=\/wp\/v2\/posts\/6225\/revisions\/6229"}],"wp:featuredmedia":[{"embeddable":true,"href":"https:\/\/www.yungayino.cl\/noticias\/index.php?rest_route=\/wp\/v2\/media\/15704"}],"wp:attachment":[{"href":"https:\/\/www.yungayino.cl\/noticias\/index.php?rest_route=%2Fwp%2Fv2%2Fmedia&parent=6225"}],"wp:term":[{"taxonomy":"category","embeddable":true,"href":"https:\/\/www.yungayino.cl\/noticias\/index.php?rest_route=%2Fwp%2Fv2%2Fcategories&post=6225"},{"taxonomy":"post_tag","embeddable":true,"href":"https:\/\/www.yungayino.cl\/noticias\/index.php?rest_route=%2Fwp%2Fv2%2Ftags&post=6225"}],"curies":[{"name":"wp","href":"https:\/\/api.w.org\/{rel}","templated":true}]}}