{"id":6246,"date":"2011-09-14T11:00:15","date_gmt":"2011-09-14T15:00:15","guid":{"rendered":"http:\/\/www.yungayino.cl\/noticias\/?p=6246"},"modified":"2011-09-14T13:28:33","modified_gmt":"2011-09-14T17:28:33","slug":"jardin-infantil-rayo-de-luna-celebro-fiestas-patrias","status":"publish","type":"post","link":"https:\/\/www.yungayino.cl\/noticias\/?p=6246","title":{"rendered":"Jard\u00edn Infantil Rayo de Luna Celebro Fiestas Patrias"},"content":{"rendered":"<p><img loading=\"lazy\" decoding=\"async\" src=\"http:\/\/www.yungayino.cl\/imagenes\/rayodeluna20110913.jpg\" alt=\"YUNGAYINO.CL - El Portal de Yungay\" width=\"500\" height=\"200\" \/><\/p>\n<p><span style=\"font-family: arial,helvetica,sans-serif;\"><span style=\"font-size: small;\">Yungay, Martes13 de septiembre a partir de la 11:00 horas y con la participaci\u00f3n de las t\u00edas, padres y apoderados, el Jard\u00edn Infantil Rayo de Luna desarrollaron diversas actividades con motivo de celebrar Fiestas Patrias. La actividad se llevo a cabo en la Sede de la Villa Esmeralda donde los ni\u00f1os realizaron la presentaciones de la P\u00e9rgolas de las Flores adem\u00e1s recitaron y bailaron nuestro baile nacional, finalmente compartieron un coctel.<\/span><\/span><\/p>\n<p><a href=\"http:\/\/www.facebook.com\/media\/set\/?set=a.286556328026080.89584.159561284058919&amp;saved\"><span style=\"font-family: arial,helvetica,sans-serif;\"><span style=\"font-size: small;\">Fotograf\u00edas<\/span><\/span><\/a><\/p>\n","protected":false},"excerpt":{"rendered":"<p>Yungay, Martes13 de septiembre a partir de la 11:00 horas y con la participaci\u00f3n de las t\u00edas, padres y apoderados, el Jard\u00edn Infantil Rayo de Luna desarrollaron diversas actividades con motivo de celebrar Fiestas&#46;&#46;&#46;<\/p>\n","protected":false},"author":2,"featured_media":15708,"comment_status":"open","ping_status":"open","sticky":false,"template":"","format":"standard","meta":{"footnotes":""},"categories":[1],"tags":[1115,8,6],"class_list":["post-6246","post","type-post","status-publish","format-standard","has-post-thumbnail","hentry","category-noticias","tag-noticias","tag-yungay","tag-yungayino"],"_links":{"self":[{"href":"https:\/\/www.yungayino.cl\/noticias\/index.php?rest_route=\/wp\/v2\/posts\/6246","targetHints":{"allow":["GET"]}}],"collection":[{"href":"https:\/\/www.yungayino.cl\/noticias\/index.php?rest_route=\/wp\/v2\/posts"}],"about":[{"href":"https:\/\/www.yungayino.cl\/noticias\/index.php?rest_route=\/wp\/v2\/types\/post"}],"author":[{"embeddable":true,"href":"https:\/\/www.yungayino.cl\/noticias\/index.php?rest_route=\/wp\/v2\/users\/2"}],"replies":[{"embeddable":true,"href":"https:\/\/www.yungayino.cl\/noticias\/index.php?rest_route=%2Fwp%2Fv2%2Fcomments&post=6246"}],"version-history":[{"count":3,"href":"https:\/\/www.yungayino.cl\/noticias\/index.php?rest_route=\/wp\/v2\/posts\/6246\/revisions"}],"predecessor-version":[{"id":6249,"href":"https:\/\/www.yungayino.cl\/noticias\/index.php?rest_route=\/wp\/v2\/posts\/6246\/revisions\/6249"}],"wp:featuredmedia":[{"embeddable":true,"href":"https:\/\/www.yungayino.cl\/noticias\/index.php?rest_route=\/wp\/v2\/media\/15708"}],"wp:attachment":[{"href":"https:\/\/www.yungayino.cl\/noticias\/index.php?rest_route=%2Fwp%2Fv2%2Fmedia&parent=6246"}],"wp:term":[{"taxonomy":"category","embeddable":true,"href":"https:\/\/www.yungayino.cl\/noticias\/index.php?rest_route=%2Fwp%2Fv2%2Fcategories&post=6246"},{"taxonomy":"post_tag","embeddable":true,"href":"https:\/\/www.yungayino.cl\/noticias\/index.php?rest_route=%2Fwp%2Fv2%2Ftags&post=6246"}],"curies":[{"name":"wp","href":"https:\/\/api.w.org\/{rel}","templated":true}]}}