{"id":6268,"date":"2011-09-15T08:00:35","date_gmt":"2011-09-15T12:00:35","guid":{"rendered":"http:\/\/www.yungayino.cl\/noticias\/?p=6268"},"modified":"2011-09-16T13:51:33","modified_gmt":"2011-09-16T17:51:33","slug":"jardin-infantil-%e2%80%9cverde-amanecer%e2%80%9d-de-fundacion-integra-celebro-fiestas-patrias-2","status":"publish","type":"post","link":"https:\/\/www.yungayino.cl\/noticias\/?p=6268","title":{"rendered":"Jard\u00edn Infantil \u201cVerde Amanecer\u201d de Fundaci\u00f3n Integra Celebr\u00f3 Fiestas Patrias"},"content":{"rendered":"<p><img loading=\"lazy\" decoding=\"async\" src=\"http:\/\/www.yungayino.cl\/imagenes\/verdeamanecer20110913.jpg\" alt=\"YUNGAYINO.CL - El Portal de Yungay\" width=\"500\" height=\"200\" \/><\/p>\n<p><span style=\"font-family: arial,helvetica,sans-serif;\"><span style=\"font-size: small;\">Yungay, mi\u00e9rcoles 14 de septiembre, con la participaci\u00f3n de las t\u00edas, padres y apoderados, el Jard\u00edn Infantil \u201cVerde Amanecer\u201d, desarrollo diversas actividades con motivo de celebrar Fiestas Patrias. Para eso estaba todo dispuesto, decorando el jard\u00edn para dicha ocasi\u00f3n, adem\u00e1s se prepararon stand con comidas t\u00edpicas para poder disfrutar en familia y\u00a0 en el patio se llevaron a cabo los juegos populares como carreras en saco, tirar la cuerda, entre otros, donde participaron Alumnos, T\u00edas y Padres.<\/span><\/span><\/p>\n<p><a href=\"http:\/\/www.facebook.com\/media\/set\/?set=a.287423467939366.89737.159561284058919&amp;saved\"><span style=\"font-family: arial,helvetica,sans-serif;\"><span style=\"font-size: small;\">Fotograf\u00edas<\/span><\/span><\/a><\/p>\n<p><a href=\"http:\/\/www.biobiochile.cl\/2011\/09\/16\/jardin-infantil-verde-amanecer-de-fundacion-integra-celebro-fiestas-patrias.shtml\"><span style=\"font-family: arial,helvetica,sans-serif;\"><span style=\"font-size: small;\">Difusi\u00f3n en Portal Radio Bio Bio<\/span><\/span><\/a><\/p>\n","protected":false},"excerpt":{"rendered":"<p>Yungay, mi\u00e9rcoles 14 de septiembre, con la participaci\u00f3n de las t\u00edas, padres y apoderados, el Jard\u00edn Infantil \u201cVerde Amanecer\u201d, desarrollo diversas actividades con motivo de celebrar Fiestas Patrias. Para eso estaba todo dispuesto, decorando&#46;&#46;&#46;<\/p>\n","protected":false},"author":2,"featured_media":15713,"comment_status":"open","ping_status":"open","sticky":false,"template":"","format":"standard","meta":{"footnotes":""},"categories":[1],"tags":[1115,8,6],"class_list":["post-6268","post","type-post","status-publish","format-standard","has-post-thumbnail","hentry","category-noticias","tag-noticias","tag-yungay","tag-yungayino"],"_links":{"self":[{"href":"https:\/\/www.yungayino.cl\/noticias\/index.php?rest_route=\/wp\/v2\/posts\/6268","targetHints":{"allow":["GET"]}}],"collection":[{"href":"https:\/\/www.yungayino.cl\/noticias\/index.php?rest_route=\/wp\/v2\/posts"}],"about":[{"href":"https:\/\/www.yungayino.cl\/noticias\/index.php?rest_route=\/wp\/v2\/types\/post"}],"author":[{"embeddable":true,"href":"https:\/\/www.yungayino.cl\/noticias\/index.php?rest_route=\/wp\/v2\/users\/2"}],"replies":[{"embeddable":true,"href":"https:\/\/www.yungayino.cl\/noticias\/index.php?rest_route=%2Fwp%2Fv2%2Fcomments&post=6268"}],"version-history":[{"count":6,"href":"https:\/\/www.yungayino.cl\/noticias\/index.php?rest_route=\/wp\/v2\/posts\/6268\/revisions"}],"predecessor-version":[{"id":6281,"href":"https:\/\/www.yungayino.cl\/noticias\/index.php?rest_route=\/wp\/v2\/posts\/6268\/revisions\/6281"}],"wp:featuredmedia":[{"embeddable":true,"href":"https:\/\/www.yungayino.cl\/noticias\/index.php?rest_route=\/wp\/v2\/media\/15713"}],"wp:attachment":[{"href":"https:\/\/www.yungayino.cl\/noticias\/index.php?rest_route=%2Fwp%2Fv2%2Fmedia&parent=6268"}],"wp:term":[{"taxonomy":"category","embeddable":true,"href":"https:\/\/www.yungayino.cl\/noticias\/index.php?rest_route=%2Fwp%2Fv2%2Fcategories&post=6268"},{"taxonomy":"post_tag","embeddable":true,"href":"https:\/\/www.yungayino.cl\/noticias\/index.php?rest_route=%2Fwp%2Fv2%2Ftags&post=6268"}],"curies":[{"name":"wp","href":"https:\/\/api.w.org\/{rel}","templated":true}]}}