{"id":6293,"date":"2011-09-17T23:57:47","date_gmt":"2011-09-18T03:57:47","guid":{"rendered":"http:\/\/www.yungayino.cl\/noticias\/?p=6293"},"modified":"2011-09-18T21:03:32","modified_gmt":"2011-09-19T01:03:32","slug":"internos-de-centro-detencion-preventiva-de-yungay-celebran-fiestas-patrias","status":"publish","type":"post","link":"https:\/\/www.yungayino.cl\/noticias\/?p=6293","title":{"rendered":"Internos de Centro Detenci\u00f3n Preventiva de Yungay Celebran Fiestas Patrias"},"content":{"rendered":"<p><img decoding=\"async\" src=\"http:\/\/www.yungayino.cl\/imagenes\/carcel20110914.jpg\" alt=\"YUNGAYINO.CL - El Portal de Yungay\" \/><\/p>\n<p><span style=\"font-family: arial,helvetica,sans-serif;\"><span style=\"font-size: small;\">Yungay, el Centro Detenci\u00f3n Preventiva (C.D.P) organiz\u00f3 actividades para los 123 internos, para que as\u00ed tambi\u00e9n pudieran celebrar estas fiestas patrias junto a sus familias o visitas a pesar de que se encuentran privados de libertad. El pasado\u00a0 jueves 15 de septiembre los internos disfrutaron de la presentaci\u00f3n de la banda yungayina Mamarrachos, quienes los entretuvieron con su m\u00fasica. Finalmente el Alcaide Eugenio Alvial manifest\u00f3 al Portal Yungayino que esta actividad permite que los internos se distraigan y no se sientan tan aislado de la sociedad, tambi\u00e9n indic\u00f3 que tendr\u00e1n la visita de la comunidad evang\u00e9lica y que el domingo 18 de septiembre como ya es tradicional en la comuna ser\u00e1n visitados por las autoridades locales de Yungay.<\/span><\/span><\/p>\n<p><a href=\"http:\/\/www.facebook.com\/media\/set\/?set=a.288244757857237.89884.159561284058919&amp;saved\"><span style=\"font-family: arial,helvetica,sans-serif;\"><span style=\"font-size: small;\">Fotograf\u00edas<\/span><\/span><\/a><\/p>\n","protected":false},"excerpt":{"rendered":"<p>Yungay, el Centro Detenci\u00f3n Preventiva (C.D.P) organiz\u00f3 actividades para los 123 internos, para que as\u00ed tambi\u00e9n pudieran celebrar estas fiestas patrias junto a sus familias o visitas a pesar de que se encuentran privados&#46;&#46;&#46;<\/p>\n","protected":false},"author":2,"featured_media":15717,"comment_status":"open","ping_status":"open","sticky":false,"template":"","format":"standard","meta":{"footnotes":""},"categories":[1],"tags":[1115,8,6],"class_list":["post-6293","post","type-post","status-publish","format-standard","has-post-thumbnail","hentry","category-noticias","tag-noticias","tag-yungay","tag-yungayino"],"_links":{"self":[{"href":"https:\/\/www.yungayino.cl\/noticias\/index.php?rest_route=\/wp\/v2\/posts\/6293","targetHints":{"allow":["GET"]}}],"collection":[{"href":"https:\/\/www.yungayino.cl\/noticias\/index.php?rest_route=\/wp\/v2\/posts"}],"about":[{"href":"https:\/\/www.yungayino.cl\/noticias\/index.php?rest_route=\/wp\/v2\/types\/post"}],"author":[{"embeddable":true,"href":"https:\/\/www.yungayino.cl\/noticias\/index.php?rest_route=\/wp\/v2\/users\/2"}],"replies":[{"embeddable":true,"href":"https:\/\/www.yungayino.cl\/noticias\/index.php?rest_route=%2Fwp%2Fv2%2Fcomments&post=6293"}],"version-history":[{"count":4,"href":"https:\/\/www.yungayino.cl\/noticias\/index.php?rest_route=\/wp\/v2\/posts\/6293\/revisions"}],"predecessor-version":[{"id":6327,"href":"https:\/\/www.yungayino.cl\/noticias\/index.php?rest_route=\/wp\/v2\/posts\/6293\/revisions\/6327"}],"wp:featuredmedia":[{"embeddable":true,"href":"https:\/\/www.yungayino.cl\/noticias\/index.php?rest_route=\/wp\/v2\/media\/15717"}],"wp:attachment":[{"href":"https:\/\/www.yungayino.cl\/noticias\/index.php?rest_route=%2Fwp%2Fv2%2Fmedia&parent=6293"}],"wp:term":[{"taxonomy":"category","embeddable":true,"href":"https:\/\/www.yungayino.cl\/noticias\/index.php?rest_route=%2Fwp%2Fv2%2Fcategories&post=6293"},{"taxonomy":"post_tag","embeddable":true,"href":"https:\/\/www.yungayino.cl\/noticias\/index.php?rest_route=%2Fwp%2Fv2%2Ftags&post=6293"}],"curies":[{"name":"wp","href":"https:\/\/api.w.org\/{rel}","templated":true}]}}