{"id":6295,"date":"2011-09-17T23:30:21","date_gmt":"2011-09-18T03:30:21","guid":{"rendered":"http:\/\/www.yungayino.cl\/noticias\/?p=6295"},"modified":"2011-09-18T12:09:15","modified_gmt":"2011-09-18T16:09:15","slug":"comunidad-evangelica-de-yungay-celebro-te-deum-2011","status":"publish","type":"post","link":"https:\/\/www.yungayino.cl\/noticias\/?p=6295","title":{"rendered":"Comunidad Evang\u00e9lica de Yungay Celebro Te Deum 2011"},"content":{"rendered":"<p><img decoding=\"async\" src=\"http:\/\/www.yungayino.cl\/imagenes\/evangelicos20110917.jpg\" alt=\"YUNGAYINO.CL - El Portal de Yungay\" \/><\/p>\n<p><span style=\"font-family: arial,helvetica,sans-serif;\"><span style=\"font-size: small;\">Yungay, s\u00e1bado17 septiembre a partir de las 10:00 horas en el Templo La Ca\u00f1ada se llevo a cabo el Te Deum Evang\u00e9lico de la comunidad yungayina y alrededores, como una hermosa oportunidad para agradecer y bendecir al Creador por un a\u00f1o m\u00e1s de independencia y junto a ello un llamado a la unidad fueron parte del mensaje entregado por el Pastor Presb\u00edtero Samuel Mu\u00f1oz S, \u00ab&#8230;es tiempo de accionar la fe, es tiempo de creer en el Se\u00f1or, es tiempo de confiar, sin \u00c9l se pierde toda esperanza, sin Cristo esta vida esta a la deriva&#8230;\u00bb. Oportunidad en que adem\u00e1s se refiri\u00f3 a algunas situaciones que est\u00e1n sucediendo en el pa\u00eds como la tragedia de Juan Fern\u00e1ndez. Autoridades locales encabezada por el Alcalde de la comuna Pedro Inostroza, Mayor de Carabineros John Cornejo, Bomberos, Concejales, Pastores de diversas Iglesias de Yungay y Campanario e invitados asistieron al Te Deum 2011. La celebraci\u00f3n contemplo un programa que incluy\u00f3 adem\u00e1s pr\u00e9dicas que fueron acompa\u00f1adas por canciones y alabanzas interpretadas por el Coro Instrumental.<\/span><\/span><\/p>\n<p><a href=\"http:\/\/www.facebook.com\/media\/set\/?set=a.288257897855923.89886.159561284058919&amp;saved\"><span style=\"font-family: arial,helvetica,sans-serif;\"><span style=\"font-size: small;\">Fotograf\u00edas<\/span><\/span><\/a><\/p>\n<p><object classid=\"clsid:d27cdb6e-ae6d-11cf-96b8-444553540000\" width=\"425\" height=\"350\" codebase=\"http:\/\/download.macromedia.com\/pub\/shockwave\/cabs\/flash\/swflash.cab#version=6,0,40,0\"><param name=\"src\" value=\"http:\/\/www.youtube.com\/v\/McqvexaY5TQ\" \/><embed type=\"application\/x-shockwave-flash\" width=\"425\" height=\"350\" src=\"http:\/\/www.youtube.com\/v\/McqvexaY5TQ\"><\/embed><\/object><\/p>\n","protected":false},"excerpt":{"rendered":"<p>Yungay, s\u00e1bado17 septiembre a partir de las 10:00 horas en el Templo La Ca\u00f1ada se llevo a cabo el Te Deum Evang\u00e9lico de la comunidad yungayina y alrededores, como una hermosa oportunidad para agradecer&#46;&#46;&#46;<\/p>\n","protected":false},"author":2,"featured_media":15718,"comment_status":"open","ping_status":"open","sticky":false,"template":"","format":"standard","meta":{"footnotes":""},"categories":[1],"tags":[1115,8,6],"class_list":["post-6295","post","type-post","status-publish","format-standard","has-post-thumbnail","hentry","category-noticias","tag-noticias","tag-yungay","tag-yungayino"],"_links":{"self":[{"href":"https:\/\/www.yungayino.cl\/noticias\/index.php?rest_route=\/wp\/v2\/posts\/6295","targetHints":{"allow":["GET"]}}],"collection":[{"href":"https:\/\/www.yungayino.cl\/noticias\/index.php?rest_route=\/wp\/v2\/posts"}],"about":[{"href":"https:\/\/www.yungayino.cl\/noticias\/index.php?rest_route=\/wp\/v2\/types\/post"}],"author":[{"embeddable":true,"href":"https:\/\/www.yungayino.cl\/noticias\/index.php?rest_route=\/wp\/v2\/users\/2"}],"replies":[{"embeddable":true,"href":"https:\/\/www.yungayino.cl\/noticias\/index.php?rest_route=%2Fwp%2Fv2%2Fcomments&post=6295"}],"version-history":[{"count":7,"href":"https:\/\/www.yungayino.cl\/noticias\/index.php?rest_route=\/wp\/v2\/posts\/6295\/revisions"}],"predecessor-version":[{"id":6320,"href":"https:\/\/www.yungayino.cl\/noticias\/index.php?rest_route=\/wp\/v2\/posts\/6295\/revisions\/6320"}],"wp:featuredmedia":[{"embeddable":true,"href":"https:\/\/www.yungayino.cl\/noticias\/index.php?rest_route=\/wp\/v2\/media\/15718"}],"wp:attachment":[{"href":"https:\/\/www.yungayino.cl\/noticias\/index.php?rest_route=%2Fwp%2Fv2%2Fmedia&parent=6295"}],"wp:term":[{"taxonomy":"category","embeddable":true,"href":"https:\/\/www.yungayino.cl\/noticias\/index.php?rest_route=%2Fwp%2Fv2%2Fcategories&post=6295"},{"taxonomy":"post_tag","embeddable":true,"href":"https:\/\/www.yungayino.cl\/noticias\/index.php?rest_route=%2Fwp%2Fv2%2Ftags&post=6295"}],"curies":[{"name":"wp","href":"https:\/\/api.w.org\/{rel}","templated":true}]}}