{"id":6351,"date":"2011-09-18T09:00:18","date_gmt":"2011-09-18T13:00:18","guid":{"rendered":"http:\/\/www.yungayino.cl\/noticias\/?p=6351"},"modified":"2011-09-19T23:23:46","modified_gmt":"2011-09-20T03:23:46","slug":"alcalde-pedro-inostroza-visito-internos-de-carcel-de-yungay","status":"publish","type":"post","link":"https:\/\/www.yungayino.cl\/noticias\/?p=6351","title":{"rendered":"Alcalde Pedro Inostroza Visito Internos de C\u00e1rcel de Yungay"},"content":{"rendered":"<p><img loading=\"lazy\" decoding=\"async\" src=\"http:\/\/www.yungayino.cl\/imagenes\/carcel20110918.jpg\" alt=\"YUNGAYINO.CL - El Portal de Yungay\" width=\"500\" height=\"200\" \/><\/p>\n<p><span style=\"font-family: arial,helvetica,sans-serif;\"><span style=\"font-size: small;\">Yungay, 18 de septiembre a las 09:30 horas el alcalde Pedro Inostroza en compa\u00f1\u00eda de funcionarios del Departamento de Salud visitaron a los Internos del Centro Detenci\u00f3n Preventiva (C.D.P), con el objetivo de compartir un grato momento de esparcimiento en estas Fiestas Patrias. Es por eso que el Grupo Folcl\u00f3rico \u201cCantares de Yungay\u201d deleito con su m\u00fasica y pies de cueca, donde los internos participaron y bailaron, tambi\u00e9n degustaron empanadas, bebidas y recibieron regalos. Finalmente el alcalde Pedro Inostroza y el Capit\u00e1n Eugenio Alvial manifestaron al Portal Yungayino.cl que esta actividad permiti\u00f3 que los internos disfrutaran como todos los chilenos de las fiestas patrias y no se sientan tan aislado de la sociedad. Tambi\u00e9n la primera autoridad comunal recorri\u00f3 las instalaciones junto al Equipo del Portal Yungayino.cl para as\u00ed comprometerse en que pod\u00eda ayudar a futuro y mejorar la calidad de vida de los internos.<\/span><\/span><\/p>\n<p><span style=\"font-family: arial,helvetica,sans-serif;\"><span style=\"font-size: small;\"><a href=\"http:\/\/www.facebook.com\/media\/set\/?set=a.289203854427994.90102.159561284058919&amp;saved\">Fotograf\u00edas<\/a><\/span><\/span><\/p>\n<p><object classid=\"clsid:d27cdb6e-ae6d-11cf-96b8-444553540000\" width=\"425\" height=\"350\" codebase=\"http:\/\/download.macromedia.com\/pub\/shockwave\/cabs\/flash\/swflash.cab#version=6,0,40,0\"><param name=\"src\" value=\"http:\/\/www.youtube.com\/v\/5f77JaJh7GI\" \/><embed type=\"application\/x-shockwave-flash\" width=\"425\" height=\"350\" src=\"http:\/\/www.youtube.com\/v\/5f77JaJh7GI\"><\/embed><\/object><\/p>\n<p><a href=\"http:\/\/www.facebook.com\/media\/set\/?set=a.289203854427994.90102.159561284058919&amp;saved\"><\/a><\/p>\n","protected":false},"excerpt":{"rendered":"<p>Yungay, 18 de septiembre a las 09:30 horas el alcalde Pedro Inostroza en compa\u00f1\u00eda de funcionarios del Departamento de Salud visitaron a los Internos del Centro Detenci\u00f3n Preventiva (C.D.P), con el objetivo de compartir&#46;&#46;&#46;<\/p>\n","protected":false},"author":2,"featured_media":15722,"comment_status":"open","ping_status":"open","sticky":false,"template":"","format":"standard","meta":{"footnotes":""},"categories":[1],"tags":[419,1115,8,6],"class_list":["post-6351","post","type-post","status-publish","format-standard","has-post-thumbnail","hentry","category-noticias","tag-cdp-yungay","tag-noticias","tag-yungay","tag-yungayino"],"_links":{"self":[{"href":"https:\/\/www.yungayino.cl\/noticias\/index.php?rest_route=\/wp\/v2\/posts\/6351","targetHints":{"allow":["GET"]}}],"collection":[{"href":"https:\/\/www.yungayino.cl\/noticias\/index.php?rest_route=\/wp\/v2\/posts"}],"about":[{"href":"https:\/\/www.yungayino.cl\/noticias\/index.php?rest_route=\/wp\/v2\/types\/post"}],"author":[{"embeddable":true,"href":"https:\/\/www.yungayino.cl\/noticias\/index.php?rest_route=\/wp\/v2\/users\/2"}],"replies":[{"embeddable":true,"href":"https:\/\/www.yungayino.cl\/noticias\/index.php?rest_route=%2Fwp%2Fv2%2Fcomments&post=6351"}],"version-history":[{"count":12,"href":"https:\/\/www.yungayino.cl\/noticias\/index.php?rest_route=\/wp\/v2\/posts\/6351\/revisions"}],"predecessor-version":[{"id":6410,"href":"https:\/\/www.yungayino.cl\/noticias\/index.php?rest_route=\/wp\/v2\/posts\/6351\/revisions\/6410"}],"wp:featuredmedia":[{"embeddable":true,"href":"https:\/\/www.yungayino.cl\/noticias\/index.php?rest_route=\/wp\/v2\/media\/15722"}],"wp:attachment":[{"href":"https:\/\/www.yungayino.cl\/noticias\/index.php?rest_route=%2Fwp%2Fv2%2Fmedia&parent=6351"}],"wp:term":[{"taxonomy":"category","embeddable":true,"href":"https:\/\/www.yungayino.cl\/noticias\/index.php?rest_route=%2Fwp%2Fv2%2Fcategories&post=6351"},{"taxonomy":"post_tag","embeddable":true,"href":"https:\/\/www.yungayino.cl\/noticias\/index.php?rest_route=%2Fwp%2Fv2%2Ftags&post=6351"}],"curies":[{"name":"wp","href":"https:\/\/api.w.org\/{rel}","templated":true}]}}