{"id":6447,"date":"2011-09-23T20:00:16","date_gmt":"2011-09-24T00:00:16","guid":{"rendered":"http:\/\/www.yungayino.cl\/noticias\/?p=6447"},"modified":"2011-09-26T21:03:45","modified_gmt":"2011-09-27T01:03:45","slug":"reunion-de-comite-comunal-de-emergencia-en-yungay","status":"publish","type":"post","link":"https:\/\/www.yungayino.cl\/noticias\/?p=6447","title":{"rendered":"Reuni\u00f3n de Comit\u00e9 Comunal de Emergencia en Yungay"},"content":{"rendered":"<p><img loading=\"lazy\" decoding=\"async\" src=\"http:\/\/www.yungayino.cl\/imagenes\/reunion20110923.jpg\" alt=\"YUNGAYINO.CL - El Portal de Yungay\" width=\"500\" height=\"200\" \/><\/p>\n<p><span style=\"font-family: arial,helvetica,sans-serif;\"><span style=\"font-size: small;\">Yungay, en las dependencias del Gimnasio Multiuso se llevo a cabo una importante reuni\u00f3n\u00a0del Comit\u00e9 Comunal de Emergencia de Yungay donde personal de la Corporaci\u00f3n Nacional Forestal-Conaf realizo una presentaci\u00f3n de como combatir los incendios y de las responsabilidades de cada organizaci\u00f3n. A esta importante reuni\u00f3n concurri\u00f3 \u00a0el representante de Forestal Celco\u00a0 Manuel Mu\u00f1oz, el jefe de gabinete del municipio Yungayino Juan L\u00f3pez, representantes de bomberos adem\u00e1s de funcionarios municipales.<\/span><\/span><\/p>\n","protected":false},"excerpt":{"rendered":"<p>Yungay, en las dependencias del Gimnasio Multiuso se llevo a cabo una importante reuni\u00f3n\u00a0del Comit\u00e9 Comunal de Emergencia de Yungay donde personal de la Corporaci\u00f3n Nacional Forestal-Conaf realizo una presentaci\u00f3n de como combatir los&#46;&#46;&#46;<\/p>\n","protected":false},"author":2,"featured_media":15732,"comment_status":"open","ping_status":"open","sticky":false,"template":"","format":"standard","meta":{"footnotes":""},"categories":[1],"tags":[1115,8,6],"class_list":["post-6447","post","type-post","status-publish","format-standard","has-post-thumbnail","hentry","category-noticias","tag-noticias","tag-yungay","tag-yungayino"],"_links":{"self":[{"href":"https:\/\/www.yungayino.cl\/noticias\/index.php?rest_route=\/wp\/v2\/posts\/6447","targetHints":{"allow":["GET"]}}],"collection":[{"href":"https:\/\/www.yungayino.cl\/noticias\/index.php?rest_route=\/wp\/v2\/posts"}],"about":[{"href":"https:\/\/www.yungayino.cl\/noticias\/index.php?rest_route=\/wp\/v2\/types\/post"}],"author":[{"embeddable":true,"href":"https:\/\/www.yungayino.cl\/noticias\/index.php?rest_route=\/wp\/v2\/users\/2"}],"replies":[{"embeddable":true,"href":"https:\/\/www.yungayino.cl\/noticias\/index.php?rest_route=%2Fwp%2Fv2%2Fcomments&post=6447"}],"version-history":[{"count":3,"href":"https:\/\/www.yungayino.cl\/noticias\/index.php?rest_route=\/wp\/v2\/posts\/6447\/revisions"}],"predecessor-version":[{"id":6450,"href":"https:\/\/www.yungayino.cl\/noticias\/index.php?rest_route=\/wp\/v2\/posts\/6447\/revisions\/6450"}],"wp:featuredmedia":[{"embeddable":true,"href":"https:\/\/www.yungayino.cl\/noticias\/index.php?rest_route=\/wp\/v2\/media\/15732"}],"wp:attachment":[{"href":"https:\/\/www.yungayino.cl\/noticias\/index.php?rest_route=%2Fwp%2Fv2%2Fmedia&parent=6447"}],"wp:term":[{"taxonomy":"category","embeddable":true,"href":"https:\/\/www.yungayino.cl\/noticias\/index.php?rest_route=%2Fwp%2Fv2%2Fcategories&post=6447"},{"taxonomy":"post_tag","embeddable":true,"href":"https:\/\/www.yungayino.cl\/noticias\/index.php?rest_route=%2Fwp%2Fv2%2Ftags&post=6447"}],"curies":[{"name":"wp","href":"https:\/\/api.w.org\/{rel}","templated":true}]}}