{"id":6463,"date":"2011-09-27T21:00:47","date_gmt":"2011-09-28T01:00:47","guid":{"rendered":"http:\/\/www.yungayino.cl\/noticias\/?p=6463"},"modified":"2011-09-28T21:58:50","modified_gmt":"2011-09-29T01:58:50","slug":"emblematico-minero-juan-illanes-dicto-charlas-motivacionales-en-planta-paneles-arauco-trupan-cholguan","status":"publish","type":"post","link":"https:\/\/www.yungayino.cl\/noticias\/?p=6463","title":{"rendered":"Emblem\u00e1tico Minero Juan Illanes Dicto Charlas Motivacionales en Planta Paneles Arauco Trup\u00e1n-Cholgu\u00e1n"},"content":{"rendered":"<p><img loading=\"lazy\" decoding=\"async\" src=\"http:\/\/www.yungayino.cl\/imagenes\/arauco20110928.jpg\" alt=\"YUNGAYINO.CL - El Portal de Yungay\" width=\"500\" height=\"200\" \/><\/p>\n<p><span style=\"font-family: arial,helvetica,sans-serif;\"><span style=\"font-size: small;\">Cholgu\u00e1n, en el Gimnasio del Deportivo Paneles Arauco se llevo a cabo este lunes 26 de septiembre la \u00faltima de cuatro charlas motivacionales dictadas por el ex minero de la mina San Jos\u00e9 don Juan Illanes, la cu\u00e1l fue llamada \u201cExperiencia de Vida\u201d, la invitaci\u00f3n se extendi\u00f3 a todo el personal que trabaja en las distintas l\u00ednea productivas de planta y contratistas, dando todas las facilidades para su traslado y almuerzo, la invitaci\u00f3n tambi\u00e9n fue expandida para los alumnos de ense\u00f1anza media del Colegio Cholgu\u00e1n. La experiencia de vida que pudo transmitir Juan Illanes, se enmarca en una seguidilla de charlas de seguridad que la Planta Paneles Arauco Trup\u00e1n-Cholgu\u00e1n  se encuentra desarrollando por intermedio del \u00e1rea MASSO y tiene por objetivo desarrollar la conciencia del autocuidado en todo sentido, es por ello, que esta charla aporta significativamente a desarrollar la conciencia de seguridad de todos los trabajadores y de los ni\u00f1os que se encuentran en formaci\u00f3n.<\/span><\/span><\/p>\n<p><a href=\"http:\/\/www.facebook.com\/media\/set\/?set=a.293771420637904.91819.159561284058919&amp;saved\"><span style=\"font-family: arial,helvetica,sans-serif;\"><span style=\"font-size: small;\">Fotograf\u00edas<\/span><\/span><\/a><\/p>\n","protected":false},"excerpt":{"rendered":"<p>Cholgu\u00e1n, en el Gimnasio del Deportivo Paneles Arauco se llevo a cabo este lunes 26 de septiembre la \u00faltima de cuatro charlas motivacionales dictadas por el ex minero de la mina San Jos\u00e9 don&#46;&#46;&#46;<\/p>\n","protected":false},"author":2,"featured_media":15736,"comment_status":"open","ping_status":"open","sticky":false,"template":"","format":"standard","meta":{"footnotes":""},"categories":[1],"tags":[350,1115,8,6],"class_list":["post-6463","post","type-post","status-publish","format-standard","has-post-thumbnail","hentry","category-noticias","tag-arauco","tag-noticias","tag-yungay","tag-yungayino"],"_links":{"self":[{"href":"https:\/\/www.yungayino.cl\/noticias\/index.php?rest_route=\/wp\/v2\/posts\/6463","targetHints":{"allow":["GET"]}}],"collection":[{"href":"https:\/\/www.yungayino.cl\/noticias\/index.php?rest_route=\/wp\/v2\/posts"}],"about":[{"href":"https:\/\/www.yungayino.cl\/noticias\/index.php?rest_route=\/wp\/v2\/types\/post"}],"author":[{"embeddable":true,"href":"https:\/\/www.yungayino.cl\/noticias\/index.php?rest_route=\/wp\/v2\/users\/2"}],"replies":[{"embeddable":true,"href":"https:\/\/www.yungayino.cl\/noticias\/index.php?rest_route=%2Fwp%2Fv2%2Fcomments&post=6463"}],"version-history":[{"count":2,"href":"https:\/\/www.yungayino.cl\/noticias\/index.php?rest_route=\/wp\/v2\/posts\/6463\/revisions"}],"predecessor-version":[{"id":6465,"href":"https:\/\/www.yungayino.cl\/noticias\/index.php?rest_route=\/wp\/v2\/posts\/6463\/revisions\/6465"}],"wp:featuredmedia":[{"embeddable":true,"href":"https:\/\/www.yungayino.cl\/noticias\/index.php?rest_route=\/wp\/v2\/media\/15736"}],"wp:attachment":[{"href":"https:\/\/www.yungayino.cl\/noticias\/index.php?rest_route=%2Fwp%2Fv2%2Fmedia&parent=6463"}],"wp:term":[{"taxonomy":"category","embeddable":true,"href":"https:\/\/www.yungayino.cl\/noticias\/index.php?rest_route=%2Fwp%2Fv2%2Fcategories&post=6463"},{"taxonomy":"post_tag","embeddable":true,"href":"https:\/\/www.yungayino.cl\/noticias\/index.php?rest_route=%2Fwp%2Fv2%2Ftags&post=6463"}],"curies":[{"name":"wp","href":"https:\/\/api.w.org\/{rel}","templated":true}]}}