{"id":6472,"date":"2011-10-03T09:00:57","date_gmt":"2011-10-03T13:00:57","guid":{"rendered":"http:\/\/www.yungayino.cl\/noticias\/?p=6472"},"modified":"2011-10-06T10:27:02","modified_gmt":"2011-10-06T14:27:02","slug":"fiesta-de-san-francisco-de-realizo-en-yungay","status":"publish","type":"post","link":"https:\/\/www.yungayino.cl\/noticias\/?p=6472","title":{"rendered":"Fiesta de San Francisco de Realiz\u00f3 en Yungay"},"content":{"rendered":"<p><img loading=\"lazy\" decoding=\"async\" src=\"http:\/\/www.yungayino.cl\/imagenes\/sanfrancisco2011.jpg\" alt=\"YUNGAYINO.CL - El Portal de Yungay\" width=\"500\" height=\"200\" \/><\/p>\n<p><span style=\"font-family: arial,helvetica,sans-serif;\"><span style=\"font-size: small;\">Yungay, el domingo 02 de octubre se llevo a cabo con gran \u00e9xito la octava versi\u00f3n de la Fiesta de San Francisco en el Sector Los Laureles, comunidad rural distante a 15 Kil\u00f3metros de Yungay, la que fue organizada por el Club Deportivo Hurac\u00e1n. Esta tradicional fiesta religiosa que consiste en bendecir la siembra de trigo para pedir por una generosa cosecha, donde la m\u00fasica folcl\u00f3rica y cuecas interpretadas por los Conjuntos \u201cAlbores de Lomas Coloradas\u201d de la Comuna de San Pedro de la Paz y \u201cCantares\u201d de Yungay acompa\u00f1aron a los visitantes, quienes tambi\u00e9n pudieron degustar de comidas t\u00edpicas como el asado de cordero, cazuela de ave, catutos, tortillas, sopaipillas, empanadas, mote con huesillo y de los stands, que ofrec\u00edan artesan\u00eda, productos agr\u00edcolas etc. La bendici\u00f3n de espiga fue liderada por el Padre Nelson Jara y la animaci\u00f3n del evento estuvo encabezada por Zoilo Irarr\u00e1zabal y Mario Salinas. Durante la jornada se destac\u00f3 la actuaci\u00f3n estelar del \u201cLos Charros de la Comuna de Los \u00c1ngeles\u201d y \u201cLos Felinos de Yungay\u201d quienes hicieron bailar al p\u00fablico presente con sus \u00e9xitos musicales. Finalmente cabe destacar la gran concurrencia de p\u00fablico que adem\u00e1s disfrutaron de las carreras a la chilena, Juegos Populares, la Tortilla m\u00e1s grande, premiaci\u00f3n al mejor Stands y la mejor cruz vestida. A esta tradicional actividad concurrieron el Alcalde Pedro Inostroza, el Capit\u00e1n de Carabineros John Cornejo, Concejales, Diputados de la Rep\u00fablica y p\u00fablico en general.<\/span><\/span><\/p>\n<p><a href=\"http:\/\/www.facebook.com\/media\/set\/?set=a.295926250422421.92408.159561284058919&amp;type=1\"><span style=\"font-family: arial,helvetica,sans-serif;\"><span style=\"font-size: small;\">Fotograf\u00edas<\/span><\/span><\/a><\/p>\n<p><a href=\"http:\/\/www.biobiochile.cl\/2011\/10\/04\/en-yungay-celebraron-la-fiesta-de-san-francisco.shtml\"><span style=\"font-family: arial,helvetica,sans-serif;\"><span style=\"font-size: small;\">Difusi\u00f3n en Portal Radio Bio Bio<\/span><\/span><\/a><\/p>\n<p><object classid=\"clsid:d27cdb6e-ae6d-11cf-96b8-444553540000\" width=\"425\" height=\"350\" codebase=\"http:\/\/download.macromedia.com\/pub\/shockwave\/cabs\/flash\/swflash.cab#version=6,0,40,0\"><param name=\"src\" value=\"http:\/\/www.youtube.com\/v\/M-LlqxuezaU\" \/><embed type=\"application\/x-shockwave-flash\" width=\"425\" height=\"350\" src=\"http:\/\/www.youtube.com\/v\/M-LlqxuezaU\"><\/embed><\/object><\/p>\n","protected":false},"excerpt":{"rendered":"<p>Yungay, el domingo 02 de octubre se llevo a cabo con gran \u00e9xito la octava versi\u00f3n de la Fiesta de San Francisco en el Sector Los Laureles, comunidad rural distante a 15 Kil\u00f3metros de&#46;&#46;&#46;<\/p>\n","protected":false},"author":2,"featured_media":15737,"comment_status":"open","ping_status":"open","sticky":false,"template":"","format":"standard","meta":{"footnotes":""},"categories":[1],"tags":[76,1115,8,6],"class_list":["post-6472","post","type-post","status-publish","format-standard","has-post-thumbnail","hentry","category-noticias","tag-fiesta-san-francisco","tag-noticias","tag-yungay","tag-yungayino"],"_links":{"self":[{"href":"https:\/\/www.yungayino.cl\/noticias\/index.php?rest_route=\/wp\/v2\/posts\/6472","targetHints":{"allow":["GET"]}}],"collection":[{"href":"https:\/\/www.yungayino.cl\/noticias\/index.php?rest_route=\/wp\/v2\/posts"}],"about":[{"href":"https:\/\/www.yungayino.cl\/noticias\/index.php?rest_route=\/wp\/v2\/types\/post"}],"author":[{"embeddable":true,"href":"https:\/\/www.yungayino.cl\/noticias\/index.php?rest_route=\/wp\/v2\/users\/2"}],"replies":[{"embeddable":true,"href":"https:\/\/www.yungayino.cl\/noticias\/index.php?rest_route=%2Fwp%2Fv2%2Fcomments&post=6472"}],"version-history":[{"count":8,"href":"https:\/\/www.yungayino.cl\/noticias\/index.php?rest_route=\/wp\/v2\/posts\/6472\/revisions"}],"predecessor-version":[{"id":6496,"href":"https:\/\/www.yungayino.cl\/noticias\/index.php?rest_route=\/wp\/v2\/posts\/6472\/revisions\/6496"}],"wp:featuredmedia":[{"embeddable":true,"href":"https:\/\/www.yungayino.cl\/noticias\/index.php?rest_route=\/wp\/v2\/media\/15737"}],"wp:attachment":[{"href":"https:\/\/www.yungayino.cl\/noticias\/index.php?rest_route=%2Fwp%2Fv2%2Fmedia&parent=6472"}],"wp:term":[{"taxonomy":"category","embeddable":true,"href":"https:\/\/www.yungayino.cl\/noticias\/index.php?rest_route=%2Fwp%2Fv2%2Fcategories&post=6472"},{"taxonomy":"post_tag","embeddable":true,"href":"https:\/\/www.yungayino.cl\/noticias\/index.php?rest_route=%2Fwp%2Fv2%2Ftags&post=6472"}],"curies":[{"name":"wp","href":"https:\/\/api.w.org\/{rel}","templated":true}]}}