{"id":6485,"date":"2011-10-04T20:00:55","date_gmt":"2011-10-05T00:00:55","guid":{"rendered":"http:\/\/www.yungayino.cl\/noticias\/?p=6485"},"modified":"2011-10-04T21:41:30","modified_gmt":"2011-10-05T01:41:30","slug":"celebracion-%e2%80%9cdia-del-hospital%e2%80%9d-en-yungay-2","status":"publish","type":"post","link":"https:\/\/www.yungayino.cl\/noticias\/?p=6485","title":{"rendered":"Celebraci\u00f3n \u201cD\u00eda del Hospital\u201d en Yungay"},"content":{"rendered":"<p><img loading=\"lazy\" decoding=\"async\" src=\"http:\/\/www.yungayino.cl\/imagenes\/hospital20111003.jpg\" alt=\"YUNGAYINO.CL - El Portal de Yungay\" width=\"500\" height=\"200\" \/><\/p>\n<p><span style=\"font-family: arial,helvetica,sans-serif;\"><span style=\"font-size: small;\">Yungay, lunes 03 de octubre a las 11:30 horas se realizo en el frontis del Hospital Comunitario de Salud Familiar Pedro Morales Campos, el Acto Ceremonial Conmemorativo al \u201cD\u00eda del Hospital\u201d el cu\u00e1l fue presidido por su Director Ronald Riffo S\u00e1ez y a la cu\u00e1l concurrieron el alcalde Pedro Inostroza, Representantes del Servicio de Salud \u00d1uble, Carabineros, Bomberos, Comunidad Yungayina y Funcionarios. En la ocasi\u00f3n el Director realizo una presentaci\u00f3n para mostrar la cuenta p\u00fablica y entrego un reconocimiento a funcionarios por sus a\u00f1os de servicio. Cabe reconocer en este d\u00eda tan especial la admirable labor que realizan todos los funcionarios de nuestro hospital, los cuales en tan abnegada tarea de qui\u00e9n sufre los efectos de la enfermedad y el sufrimiento son ellos los que siempre est\u00e1n para promover la salud y defender la vida de todos los paciente. Al finalizar el acto todos los funcionarios e invitados compartieron un c\u00f3ctel en el casino de dicho establecimiento. Durante la jornada de la tarde se realizo una romer\u00eda desde el hospital al cementerio municipal acompa\u00f1ados por la Banda de Guerra de Yungay para recordar a los funcionarios ya fallecidos.<\/span><\/span><\/p>\n<p><a href=\"http:\/\/www.facebook.com\/media\/set\/?set=a.296659610349085.92604.159561284058919&amp;type=3&amp;saved\"><span style=\"font-family: arial,helvetica,sans-serif;\"><span style=\"font-size: small;\">Fotograf\u00edas<\/span><\/span><\/a><\/p>\n","protected":false},"excerpt":{"rendered":"<p>Yungay, lunes 03 de octubre a las 11:30 horas se realizo en el frontis del Hospital Comunitario de Salud Familiar Pedro Morales Campos, el Acto Ceremonial Conmemorativo al \u201cD\u00eda del Hospital\u201d el cu\u00e1l fue&#46;&#46;&#46;<\/p>\n","protected":false},"author":2,"featured_media":15739,"comment_status":"open","ping_status":"open","sticky":false,"template":"","format":"standard","meta":{"footnotes":""},"categories":[1],"tags":[260,1115,8,6],"class_list":["post-6485","post","type-post","status-publish","format-standard","has-post-thumbnail","hentry","category-noticias","tag-dia-hospital","tag-noticias","tag-yungay","tag-yungayino"],"_links":{"self":[{"href":"https:\/\/www.yungayino.cl\/noticias\/index.php?rest_route=\/wp\/v2\/posts\/6485","targetHints":{"allow":["GET"]}}],"collection":[{"href":"https:\/\/www.yungayino.cl\/noticias\/index.php?rest_route=\/wp\/v2\/posts"}],"about":[{"href":"https:\/\/www.yungayino.cl\/noticias\/index.php?rest_route=\/wp\/v2\/types\/post"}],"author":[{"embeddable":true,"href":"https:\/\/www.yungayino.cl\/noticias\/index.php?rest_route=\/wp\/v2\/users\/2"}],"replies":[{"embeddable":true,"href":"https:\/\/www.yungayino.cl\/noticias\/index.php?rest_route=%2Fwp%2Fv2%2Fcomments&post=6485"}],"version-history":[{"count":4,"href":"https:\/\/www.yungayino.cl\/noticias\/index.php?rest_route=\/wp\/v2\/posts\/6485\/revisions"}],"predecessor-version":[{"id":6489,"href":"https:\/\/www.yungayino.cl\/noticias\/index.php?rest_route=\/wp\/v2\/posts\/6485\/revisions\/6489"}],"wp:featuredmedia":[{"embeddable":true,"href":"https:\/\/www.yungayino.cl\/noticias\/index.php?rest_route=\/wp\/v2\/media\/15739"}],"wp:attachment":[{"href":"https:\/\/www.yungayino.cl\/noticias\/index.php?rest_route=%2Fwp%2Fv2%2Fmedia&parent=6485"}],"wp:term":[{"taxonomy":"category","embeddable":true,"href":"https:\/\/www.yungayino.cl\/noticias\/index.php?rest_route=%2Fwp%2Fv2%2Fcategories&post=6485"},{"taxonomy":"post_tag","embeddable":true,"href":"https:\/\/www.yungayino.cl\/noticias\/index.php?rest_route=%2Fwp%2Fv2%2Ftags&post=6485"}],"curies":[{"name":"wp","href":"https:\/\/api.w.org\/{rel}","templated":true}]}}