{"id":6532,"date":"2011-10-11T18:00:47","date_gmt":"2011-10-11T22:00:47","guid":{"rendered":"http:\/\/www.yungayino.cl\/noticias\/?p=6532"},"modified":"2011-10-11T23:11:08","modified_gmt":"2011-10-12T03:11:08","slug":"escuela-fernando-baquedano-realiza-acto-en-el-dia-de-la-hispanidad-en-yungay","status":"publish","type":"post","link":"https:\/\/www.yungayino.cl\/noticias\/?p=6532","title":{"rendered":"Escuela Fernando Baquedano Realiza Acto en el D\u00eda de la Hispanidad en Yungay"},"content":{"rendered":"<p><img loading=\"lazy\" decoding=\"async\" src=\"http:\/\/www.yungayino.cl\/imagenes\/acto20111011.jpg\" alt=\"YUNGAYINO.CL - El Portal de Yungay\" width=\"500\" height=\"200\" \/><\/p>\n<p><span style=\"font-family: arial,helvetica,sans-serif;\"><span style=\"font-size: small;\">Yungay, 11 de octubre 2011 con motivo de celebrar el d\u00eda de la  Hispanidad, la Escuela Fernando Baquedano fue la encargada de organizar el acto que se realiz\u00f3 en el Gimnasio Multiuso y que cont\u00f3 con la presencia de autoridades, invitados especiales, alumnos y docentes de los diferentes colegios de la comuna adem\u00e1s de p\u00fablico en general. El D\u00eda de la hispanidad, fue instituido para unir aquellos pueblos o pa\u00edses que tienen en com\u00fan la lengua, el origen y la religi\u00f3n. El inicio del acto fue liderado con las palabras del Director Gabriel Qintreleo, para continuar con un n\u00famero art\u00edstico del Taller de Danza, una rese\u00f1a hist\u00f3rica, la \u00a0presentaci\u00f3n del Coro, coreograf\u00eda, poes\u00eda \u00a0y finalmente se destaco la presentaci\u00f3n de la Agrupaci\u00f3n de \u201cLos Tunos\u201d de Concepci\u00f3n.<\/span><\/span><\/p>\n<p><a href=\"http:\/\/www.facebook.com\/media\/set\/?set=a.300198376661875.93387.159561284058919&amp;type=3&amp;saved\"><span style=\"font-family: arial,helvetica,sans-serif;\"><span style=\"font-size: small;\">Fotograf\u00edas<\/span><\/span><\/a><\/p>\n<p><object classid=\"clsid:d27cdb6e-ae6d-11cf-96b8-444553540000\" width=\"425\" height=\"350\" codebase=\"http:\/\/download.macromedia.com\/pub\/shockwave\/cabs\/flash\/swflash.cab#version=6,0,40,0\"><param name=\"src\" value=\"http:\/\/www.youtube.com\/v\/HL_jwFD5i9U\" \/><embed type=\"application\/x-shockwave-flash\" width=\"425\" height=\"350\" src=\"http:\/\/www.youtube.com\/v\/HL_jwFD5i9U\"><\/embed><\/object><\/p>\n<p><span style=\"font-family: arial,helvetica,sans-serif;\"><span style=\"font-size: small;\"> <\/span><\/span><\/p>\n","protected":false},"excerpt":{"rendered":"<p>Yungay, 11 de octubre 2011 con motivo de celebrar el d\u00eda de la Hispanidad, la Escuela Fernando Baquedano fue la encargada de organizar el acto que se realiz\u00f3 en el Gimnasio Multiuso y que&#46;&#46;&#46;<\/p>\n","protected":false},"author":2,"featured_media":15747,"comment_status":"open","ping_status":"open","sticky":false,"template":"","format":"standard","meta":{"footnotes":""},"categories":[1],"tags":[1115,8,6],"class_list":["post-6532","post","type-post","status-publish","format-standard","has-post-thumbnail","hentry","category-noticias","tag-noticias","tag-yungay","tag-yungayino"],"_links":{"self":[{"href":"https:\/\/www.yungayino.cl\/noticias\/index.php?rest_route=\/wp\/v2\/posts\/6532","targetHints":{"allow":["GET"]}}],"collection":[{"href":"https:\/\/www.yungayino.cl\/noticias\/index.php?rest_route=\/wp\/v2\/posts"}],"about":[{"href":"https:\/\/www.yungayino.cl\/noticias\/index.php?rest_route=\/wp\/v2\/types\/post"}],"author":[{"embeddable":true,"href":"https:\/\/www.yungayino.cl\/noticias\/index.php?rest_route=\/wp\/v2\/users\/2"}],"replies":[{"embeddable":true,"href":"https:\/\/www.yungayino.cl\/noticias\/index.php?rest_route=%2Fwp%2Fv2%2Fcomments&post=6532"}],"version-history":[{"count":9,"href":"https:\/\/www.yungayino.cl\/noticias\/index.php?rest_route=\/wp\/v2\/posts\/6532\/revisions"}],"predecessor-version":[{"id":6538,"href":"https:\/\/www.yungayino.cl\/noticias\/index.php?rest_route=\/wp\/v2\/posts\/6532\/revisions\/6538"}],"wp:featuredmedia":[{"embeddable":true,"href":"https:\/\/www.yungayino.cl\/noticias\/index.php?rest_route=\/wp\/v2\/media\/15747"}],"wp:attachment":[{"href":"https:\/\/www.yungayino.cl\/noticias\/index.php?rest_route=%2Fwp%2Fv2%2Fmedia&parent=6532"}],"wp:term":[{"taxonomy":"category","embeddable":true,"href":"https:\/\/www.yungayino.cl\/noticias\/index.php?rest_route=%2Fwp%2Fv2%2Fcategories&post=6532"},{"taxonomy":"post_tag","embeddable":true,"href":"https:\/\/www.yungayino.cl\/noticias\/index.php?rest_route=%2Fwp%2Fv2%2Ftags&post=6532"}],"curies":[{"name":"wp","href":"https:\/\/api.w.org\/{rel}","templated":true}]}}