{"id":6581,"date":"2011-10-18T10:00:40","date_gmt":"2011-10-18T14:00:40","guid":{"rendered":"http:\/\/www.yungayino.cl\/noticias\/?p=6581"},"modified":"2011-10-18T10:16:42","modified_gmt":"2011-10-18T14:16:42","slug":"grupo-de-gimnasia-y-baile-de-adultos-mayores-%e2%80%9cdespertando-a-la-vida%e2%80%9d-celebraron-2-anos-de-vida","status":"publish","type":"post","link":"https:\/\/www.yungayino.cl\/noticias\/?p=6581","title":{"rendered":"Grupo de Gimnasia y Baile de Adultos Mayores \u201cDespertando a la Vida\u201d Celebraron 2 A\u00f1os de Vida"},"content":{"rendered":"<p><img loading=\"lazy\" decoding=\"async\" src=\"http:\/\/www.yungayino.cl\/imagenes\/adultos20111016.jpg\" alt=\"YUNGAYINO.CL - El Portal de Yungay\" width=\"500\" height=\"200\" \/><\/p>\n<p><span style=\"font-family: arial,helvetica,sans-serif;\"><span style=\"font-size: small;\">Yungay, el Grupo de Adultos Mayores \u201cDespertando a la Vida\u201d celebro dos a\u00f1os de existencia, el cu\u00e1l esta formado por 40 personas de la comuna y apoyado por la monitora Jaquelin Segura. Cabe destacar que este grupo se ha destacado con sus presentaciones en nuestra comuna y en la regi\u00f3n adem\u00e1s el grupo se destaca por la uni\u00f3n, fuerza y trabajo en equipo donde muestran otra de sus facetas realizando bailes y representaci\u00f3n de obras. La celebraci\u00f3n cont\u00f3 con las presencia del Alcalde Pedro Inostroza, quien comparti\u00f3 un almuerzo que consisti\u00f3 en un asado de cordero el cu\u00e1l fue preparado por los propios integrantes y felicito al grupo por su segundo a\u00f1o de vida.<\/span><\/span><\/p>\n<p><a href=\"http:\/\/www.facebook.com\/media\/set\/?set=a.303495199665526.94148.159561284058919&amp;type=1\"><span style=\"font-family: arial,helvetica,sans-serif;\"><span style=\"font-size: small;\">Fotograf\u00edas<\/span><\/span><\/a><\/p>\n","protected":false},"excerpt":{"rendered":"<p>Yungay, el Grupo de Adultos Mayores \u201cDespertando a la Vida\u201d celebro dos a\u00f1os de existencia, el cu\u00e1l esta formado por 40 personas de la comuna y apoyado por la monitora Jaquelin Segura. Cabe destacar&#46;&#46;&#46;<\/p>\n","protected":false},"author":2,"featured_media":15753,"comment_status":"open","ping_status":"open","sticky":false,"template":"","format":"standard","meta":{"footnotes":""},"categories":[1],"tags":[265,1115,8,6],"class_list":["post-6581","post","type-post","status-publish","format-standard","has-post-thumbnail","hentry","category-noticias","tag-despertando-a-la-vida","tag-noticias","tag-yungay","tag-yungayino"],"_links":{"self":[{"href":"https:\/\/www.yungayino.cl\/noticias\/index.php?rest_route=\/wp\/v2\/posts\/6581","targetHints":{"allow":["GET"]}}],"collection":[{"href":"https:\/\/www.yungayino.cl\/noticias\/index.php?rest_route=\/wp\/v2\/posts"}],"about":[{"href":"https:\/\/www.yungayino.cl\/noticias\/index.php?rest_route=\/wp\/v2\/types\/post"}],"author":[{"embeddable":true,"href":"https:\/\/www.yungayino.cl\/noticias\/index.php?rest_route=\/wp\/v2\/users\/2"}],"replies":[{"embeddable":true,"href":"https:\/\/www.yungayino.cl\/noticias\/index.php?rest_route=%2Fwp%2Fv2%2Fcomments&post=6581"}],"version-history":[{"count":3,"href":"https:\/\/www.yungayino.cl\/noticias\/index.php?rest_route=\/wp\/v2\/posts\/6581\/revisions"}],"predecessor-version":[{"id":6584,"href":"https:\/\/www.yungayino.cl\/noticias\/index.php?rest_route=\/wp\/v2\/posts\/6581\/revisions\/6584"}],"wp:featuredmedia":[{"embeddable":true,"href":"https:\/\/www.yungayino.cl\/noticias\/index.php?rest_route=\/wp\/v2\/media\/15753"}],"wp:attachment":[{"href":"https:\/\/www.yungayino.cl\/noticias\/index.php?rest_route=%2Fwp%2Fv2%2Fmedia&parent=6581"}],"wp:term":[{"taxonomy":"category","embeddable":true,"href":"https:\/\/www.yungayino.cl\/noticias\/index.php?rest_route=%2Fwp%2Fv2%2Fcategories&post=6581"},{"taxonomy":"post_tag","embeddable":true,"href":"https:\/\/www.yungayino.cl\/noticias\/index.php?rest_route=%2Fwp%2Fv2%2Ftags&post=6581"}],"curies":[{"name":"wp","href":"https:\/\/api.w.org\/{rel}","templated":true}]}}