{"id":6612,"date":"2011-10-22T19:00:54","date_gmt":"2011-10-22T23:00:54","guid":{"rendered":"http:\/\/www.yungayino.cl\/noticias\/?p=6612"},"modified":"2011-10-23T20:04:01","modified_gmt":"2011-10-24T00:04:01","slug":"nueva-manifestacion-realizan-vecinos-de-pemuco-en-rechazo-a-planta-de-fecas","status":"publish","type":"post","link":"https:\/\/www.yungayino.cl\/noticias\/?p=6612","title":{"rendered":"Nueva Manifestaci\u00f3n Realizan Vecinos de Pemuco en Rechazo a Planta de Lodos"},"content":{"rendered":"<p><img loading=\"lazy\" decoding=\"async\" src=\"http:\/\/www.yungayino.cl\/imagenes\/pemuco20111022.jpg\" alt=\"YUNGAYINO.CL - El Portal de Yungay\" width=\"500\" height=\"200\" \/><\/p>\n<p><span style=\"font-family: arial,helvetica,sans-serif;\"><span style=\"font-size: small;\">Pemuco, s\u00e1bado 22 de octubre una nueva manifestaci\u00f3n realizaron a partir de las 16:00 horas los vecinos de Pemuco, General Cruz y de la  Localidad de San Pedro de Pocillas en rechazo a la instalaci\u00f3n de una planta de fecas por parte de la empresa Biodiversa, filial de Essbio. La manifestaci\u00f3n se inicio con una caravana saliendo desde Pemuco para reunirse en la Sede Comunitaria de General Cruz, donde la comunidad se interioriz\u00f3 m\u00e1s con respecto a este proyecto. La nueva manifestaci\u00f3n estuvo resguardada por un contingente de Carabineros de la Cuarta Comisar\u00eda de Yungay y fue liderada por el Mayor Jhon Cornejo, qui\u00e9n manifest\u00f3 al Portal Yungayino.cl que la nueva convocatoria se realizo de forma pacifica y sin ning\u00fan inconveniente.<\/span><\/span><\/p>\n<p><a href=\"http:\/\/www.facebook.com\/media\/set\/?set=a.306304542717925.94844.159561284058919&amp;type=3&amp;saved\"><span style=\"font-family: arial,helvetica,sans-serif;\"><span style=\"font-size: small;\">Fotograf\u00edas<\/span><\/span><\/a><\/p>\n<p><span style=\"font-family: arial,helvetica,sans-serif;\"><span style=\"font-size: small;\"><a href=\"http:\/\/www.biobiochile.cl\/2011\/10\/13\/vecinos-marchan-para-manifestar-amplio-rechazo-a-proyecto-de-tratamiento-de-fecas-en-pemuco.shtml\">M\u00e1s Informaci\u00f3n<\/a><br \/>\n<\/span><\/span><\/p>\n","protected":false},"excerpt":{"rendered":"<p>Pemuco, s\u00e1bado 22 de octubre una nueva manifestaci\u00f3n realizaron a partir de las 16:00 horas los vecinos de Pemuco, General Cruz y de la Localidad de San Pedro de Pocillas en rechazo a la&#46;&#46;&#46;<\/p>\n","protected":false},"author":2,"featured_media":15758,"comment_status":"open","ping_status":"open","sticky":false,"template":"","format":"standard","meta":{"footnotes":""},"categories":[1],"tags":[1115,30,8,6],"class_list":["post-6612","post","type-post","status-publish","format-standard","has-post-thumbnail","hentry","category-noticias","tag-noticias","tag-pemuco","tag-yungay","tag-yungayino"],"_links":{"self":[{"href":"https:\/\/www.yungayino.cl\/noticias\/index.php?rest_route=\/wp\/v2\/posts\/6612","targetHints":{"allow":["GET"]}}],"collection":[{"href":"https:\/\/www.yungayino.cl\/noticias\/index.php?rest_route=\/wp\/v2\/posts"}],"about":[{"href":"https:\/\/www.yungayino.cl\/noticias\/index.php?rest_route=\/wp\/v2\/types\/post"}],"author":[{"embeddable":true,"href":"https:\/\/www.yungayino.cl\/noticias\/index.php?rest_route=\/wp\/v2\/users\/2"}],"replies":[{"embeddable":true,"href":"https:\/\/www.yungayino.cl\/noticias\/index.php?rest_route=%2Fwp%2Fv2%2Fcomments&post=6612"}],"version-history":[{"count":6,"href":"https:\/\/www.yungayino.cl\/noticias\/index.php?rest_route=\/wp\/v2\/posts\/6612\/revisions"}],"predecessor-version":[{"id":6617,"href":"https:\/\/www.yungayino.cl\/noticias\/index.php?rest_route=\/wp\/v2\/posts\/6612\/revisions\/6617"}],"wp:featuredmedia":[{"embeddable":true,"href":"https:\/\/www.yungayino.cl\/noticias\/index.php?rest_route=\/wp\/v2\/media\/15758"}],"wp:attachment":[{"href":"https:\/\/www.yungayino.cl\/noticias\/index.php?rest_route=%2Fwp%2Fv2%2Fmedia&parent=6612"}],"wp:term":[{"taxonomy":"category","embeddable":true,"href":"https:\/\/www.yungayino.cl\/noticias\/index.php?rest_route=%2Fwp%2Fv2%2Fcategories&post=6612"},{"taxonomy":"post_tag","embeddable":true,"href":"https:\/\/www.yungayino.cl\/noticias\/index.php?rest_route=%2Fwp%2Fv2%2Ftags&post=6612"}],"curies":[{"name":"wp","href":"https:\/\/api.w.org\/{rel}","templated":true}]}}