{"id":6673,"date":"2011-11-06T21:00:12","date_gmt":"2011-11-07T01:00:12","guid":{"rendered":"http:\/\/www.yungayino.cl\/noticias\/?p=6673"},"modified":"2011-11-06T21:54:54","modified_gmt":"2011-11-07T01:54:54","slug":"hogar-de-ancianos-nuestra-senora-de-la-merced-recibio-un-generador-de-emergencia","status":"publish","type":"post","link":"https:\/\/www.yungayino.cl\/noticias\/?p=6673","title":{"rendered":"Hogar de ancianos Nuestra Se\u00f1ora de la Merced recibi\u00f3 un generador de emergencia"},"content":{"rendered":"<p><img loading=\"lazy\" decoding=\"async\" src=\"http:\/\/www.yungayino.cl\/imagenes\/ancianos20111104.jpg\" alt=\"YUNGAYINO.CL - El Portal de Yungay\" width=\"500\" height=\"200\" \/><\/p>\n<p><span style=\"font-family: arial,helvetica,sans-serif;\"><span style=\"font-size: small;\">Yungay, el Hogar de ancianos Nuestra Se\u00f1ora de la Merced recibi\u00f3 un generador de emergencia el cu\u00e1l fue entregado por la asistente social de la Universidad del Bio-Bio, Amanda Herrera qui\u00e9n manifest\u00f3 al Portal Yungayino.cl que este gran aporte fue gestionado por la  Universidad en conjunto con el \u00a0Sename a trav\u00e9s del Programa\u00a0 para adultos mayores que se llevo a cabo bajo el proyecto \u201cEstrechando Lazos Intergeneracionales para el enfrentamiento de la cat\u00e1strofe\u201d, por su parte la  Administradora del hogar Rosa Sep\u00falveda agradeci\u00f3 esta importante ayuda que adem\u00e1s contempla su instalaci\u00f3n y la capacitaci\u00f3n del equipo. Finalmente durante la entrega se realizo una ceremonia donde participo el Grupo Folcl\u00f3rico Mapuketr\u00e1n y adem\u00e1s se cont\u00f3 con la asistencia del Mayor de Carabineros John Cornejo y representantes del Hogar de ancianos de las comunas de Pinto y Coihueco.<\/span><\/span><\/p>\n<p><a href=\"http:\/\/www.facebook.com\/media\/set\/?set=a.313353508679695.96648.159561284058919&amp;type=3&amp;saved\"><span style=\"font-family: arial,helvetica,sans-serif;\"><span style=\"font-size: small;\">Fotograf\u00edas<\/span><\/span><\/a><\/p>\n<p><object classid=\"clsid:d27cdb6e-ae6d-11cf-96b8-444553540000\" width=\"425\" height=\"350\" codebase=\"http:\/\/download.macromedia.com\/pub\/shockwave\/cabs\/flash\/swflash.cab#version=6,0,40,0\"><param name=\"src\" value=\"http:\/\/www.youtube.com\/v\/Lrta5d1v6JQ\" \/><embed type=\"application\/x-shockwave-flash\" width=\"425\" height=\"350\" src=\"http:\/\/www.youtube.com\/v\/Lrta5d1v6JQ\"><\/embed><\/object><\/p>\n","protected":false},"excerpt":{"rendered":"<p>Yungay, el Hogar de ancianos Nuestra Se\u00f1ora de la Merced recibi\u00f3 un generador de emergencia el cu\u00e1l fue entregado por la asistente social de la Universidad del Bio-Bio, Amanda Herrera qui\u00e9n manifest\u00f3 al Portal&#46;&#46;&#46;<\/p>\n","protected":false},"author":2,"featured_media":15768,"comment_status":"open","ping_status":"open","sticky":false,"template":"","format":"standard","meta":{"footnotes":""},"categories":[1],"tags":[1115,8,6],"class_list":["post-6673","post","type-post","status-publish","format-standard","has-post-thumbnail","hentry","category-noticias","tag-noticias","tag-yungay","tag-yungayino"],"_links":{"self":[{"href":"https:\/\/www.yungayino.cl\/noticias\/index.php?rest_route=\/wp\/v2\/posts\/6673","targetHints":{"allow":["GET"]}}],"collection":[{"href":"https:\/\/www.yungayino.cl\/noticias\/index.php?rest_route=\/wp\/v2\/posts"}],"about":[{"href":"https:\/\/www.yungayino.cl\/noticias\/index.php?rest_route=\/wp\/v2\/types\/post"}],"author":[{"embeddable":true,"href":"https:\/\/www.yungayino.cl\/noticias\/index.php?rest_route=\/wp\/v2\/users\/2"}],"replies":[{"embeddable":true,"href":"https:\/\/www.yungayino.cl\/noticias\/index.php?rest_route=%2Fwp%2Fv2%2Fcomments&post=6673"}],"version-history":[{"count":4,"href":"https:\/\/www.yungayino.cl\/noticias\/index.php?rest_route=\/wp\/v2\/posts\/6673\/revisions"}],"predecessor-version":[{"id":6677,"href":"https:\/\/www.yungayino.cl\/noticias\/index.php?rest_route=\/wp\/v2\/posts\/6673\/revisions\/6677"}],"wp:featuredmedia":[{"embeddable":true,"href":"https:\/\/www.yungayino.cl\/noticias\/index.php?rest_route=\/wp\/v2\/media\/15768"}],"wp:attachment":[{"href":"https:\/\/www.yungayino.cl\/noticias\/index.php?rest_route=%2Fwp%2Fv2%2Fmedia&parent=6673"}],"wp:term":[{"taxonomy":"category","embeddable":true,"href":"https:\/\/www.yungayino.cl\/noticias\/index.php?rest_route=%2Fwp%2Fv2%2Fcategories&post=6673"},{"taxonomy":"post_tag","embeddable":true,"href":"https:\/\/www.yungayino.cl\/noticias\/index.php?rest_route=%2Fwp%2Fv2%2Ftags&post=6673"}],"curies":[{"name":"wp","href":"https:\/\/api.w.org\/{rel}","templated":true}]}}