{"id":6678,"date":"2011-11-07T07:00:07","date_gmt":"2011-11-07T11:00:07","guid":{"rendered":"http:\/\/www.yungayino.cl\/noticias\/?p=6678"},"modified":"2011-11-07T20:36:42","modified_gmt":"2011-11-08T00:36:42","slug":"en-yungay-se-realizo-peregrinacion-a-gruta-virgen-de-fatima-en-sector-cordillerano","status":"publish","type":"post","link":"https:\/\/www.yungayino.cl\/noticias\/?p=6678","title":{"rendered":"En Yungay se Realizo Peregrinaci\u00f3n a Gruta Virgen de F\u00e1tima en Sector Cordillerano"},"content":{"rendered":"<p><img loading=\"lazy\" decoding=\"async\" src=\"http:\/\/www.yungayino.cl\/imagenes\/fatima2011.jpg\" alt=\"YUNGAYINO.CL - El Portal de Yungay\" width=\"500\" height=\"200\" \/><\/p>\n<p><span style=\"font-family: arial,helvetica,sans-serif;\"><span style=\"font-size: small;\">Yungay, con gran \u00e9xito se llevo a cabo el pasado s\u00e1bado 05 de noviembre la peregrinaci\u00f3n a la Gruta de la Virgen de F\u00e1tima, ubicada a 45 kil\u00f3metros en el sector cordillerano de nuestra comuna. Un centenar de yungayinos y visitantes participaron de esta importante tradici\u00f3n religiosa que se inicio con la celebraci\u00f3n de la Santa Misa liderada por el Padre Nelson Jara, para continuar la caminata hacia la gruta en medio de una bella vegetaci\u00f3n de hermosos parajes, con \u00e1rboles tales como roble, ma\u00f1ios entre medio de r\u00edos. La caminata fue liderada por la Pastoral Juvenil de la Iglesia de San Miguel, la cu\u00e1l era encabezada por el Mayor de Carabineros John Cornejo, quienes entre rezos y c\u00e1nticos avanzaron para llegar junto a los fieles a la virgen. Finalizado el retorno los peregrinos compartieron un rico almuerzo para luego ver la presentaci\u00f3n del Grupo Folcl\u00f3rico \u201cCantares de Yungay\u201d en un escenario montado especialmente para la ocasi\u00f3n gracias al apoyo del Municipio. Cabe mencionar que el Equipo del Portal Yungayino.cl cubri\u00f3 todo el evento de tal manera de poder difundir y mantener esta tradicional fiesta religiosa de nuestra comuna, adem\u00e1s entrevisto a quienes pudieron apoyar de una u otra manera esta actividad como lo fueron el alcalde Pedro Inostroza, el concejal Rafael Cifuentes, el Profesor Zoilo Irarr\u00e1zabal y tambi\u00e9n a Carabineros qui\u00e9n resguardo toda la actividad.<\/span><\/span><\/p>\n<p><a href=\"http:\/\/www.facebook.com\/media\/set\/?set=a.313615095320203.96709.159561284058919&amp;type=3\"><span style=\"font-family: arial,helvetica,sans-serif;\"><span style=\"font-size: small;\">Fotograf\u00edas<\/span><\/span><\/a><\/p>\n<p><a href=\"http:\/\/www.yungayino.cl\/noticias\/?p=6678#comments\"><span style=\"font-family: arial,helvetica,sans-serif;\"><span style=\"font-size: small;\">Comente Aqu\u00ed<\/span><\/span><\/a><\/p>\n<p><a href=\"http:\/\/www.biobiochile.cl\/2011\/11\/07\/en-yungay-se-realizo-la-peregrinacion-a-a-gruta-virgen-de-fatima-en-sector-cordillerano.shtml\"><span style=\"font-family: arial,helvetica,sans-serif;\"><span style=\"font-size: small;\">Difusi\u00f3n en Portal Radio Bio Bio<\/span><\/span><\/a><\/p>\n<p><object classid=\"clsid:d27cdb6e-ae6d-11cf-96b8-444553540000\" width=\"425\" height=\"350\" codebase=\"http:\/\/download.macromedia.com\/pub\/shockwave\/cabs\/flash\/swflash.cab#version=6,0,40,0\"><param name=\"src\" value=\"http:\/\/www.youtube.com\/v\/33DGrNzlv9s\" \/><embed type=\"application\/x-shockwave-flash\" width=\"425\" height=\"350\" src=\"http:\/\/www.youtube.com\/v\/33DGrNzlv9s\"><\/embed><\/object><\/p>\n","protected":false},"excerpt":{"rendered":"<p>Yungay, con gran \u00e9xito se llevo a cabo el pasado s\u00e1bado 05 de noviembre la peregrinaci\u00f3n a la Gruta de la Virgen de F\u00e1tima, ubicada a 45 kil\u00f3metros en el sector cordillerano de nuestra&#46;&#46;&#46;<\/p>\n","protected":false},"author":2,"featured_media":15769,"comment_status":"open","ping_status":"open","sticky":false,"template":"","format":"standard","meta":{"footnotes":""},"categories":[1],"tags":[1115,431,8,6],"class_list":["post-6678","post","type-post","status-publish","format-standard","has-post-thumbnail","hentry","category-noticias","tag-noticias","tag-virgen-de-fatima","tag-yungay","tag-yungayino"],"_links":{"self":[{"href":"https:\/\/www.yungayino.cl\/noticias\/index.php?rest_route=\/wp\/v2\/posts\/6678","targetHints":{"allow":["GET"]}}],"collection":[{"href":"https:\/\/www.yungayino.cl\/noticias\/index.php?rest_route=\/wp\/v2\/posts"}],"about":[{"href":"https:\/\/www.yungayino.cl\/noticias\/index.php?rest_route=\/wp\/v2\/types\/post"}],"author":[{"embeddable":true,"href":"https:\/\/www.yungayino.cl\/noticias\/index.php?rest_route=\/wp\/v2\/users\/2"}],"replies":[{"embeddable":true,"href":"https:\/\/www.yungayino.cl\/noticias\/index.php?rest_route=%2Fwp%2Fv2%2Fcomments&post=6678"}],"version-history":[{"count":13,"href":"https:\/\/www.yungayino.cl\/noticias\/index.php?rest_route=\/wp\/v2\/posts\/6678\/revisions"}],"predecessor-version":[{"id":6689,"href":"https:\/\/www.yungayino.cl\/noticias\/index.php?rest_route=\/wp\/v2\/posts\/6678\/revisions\/6689"}],"wp:featuredmedia":[{"embeddable":true,"href":"https:\/\/www.yungayino.cl\/noticias\/index.php?rest_route=\/wp\/v2\/media\/15769"}],"wp:attachment":[{"href":"https:\/\/www.yungayino.cl\/noticias\/index.php?rest_route=%2Fwp%2Fv2%2Fmedia&parent=6678"}],"wp:term":[{"taxonomy":"category","embeddable":true,"href":"https:\/\/www.yungayino.cl\/noticias\/index.php?rest_route=%2Fwp%2Fv2%2Fcategories&post=6678"},{"taxonomy":"post_tag","embeddable":true,"href":"https:\/\/www.yungayino.cl\/noticias\/index.php?rest_route=%2Fwp%2Fv2%2Ftags&post=6678"}],"curies":[{"name":"wp","href":"https:\/\/api.w.org\/{rel}","templated":true}]}}