{"id":6712,"date":"2011-11-14T07:00:20","date_gmt":"2011-11-14T11:00:20","guid":{"rendered":"http:\/\/www.yungayino.cl\/noticias\/?p=6712"},"modified":"2011-11-14T07:38:32","modified_gmt":"2011-11-14T11:38:32","slug":"en-yungay-se-realizo-cuarto-encuentro-provincial-de-bandas-escolares-de-guerra","status":"publish","type":"post","link":"https:\/\/www.yungayino.cl\/noticias\/?p=6712","title":{"rendered":"En Yungay se Realizo Cuarto Encuentro Provincial de Bandas Escolares de Guerra"},"content":{"rendered":"<p><img decoding=\"async\" src=\"http:\/\/www.yungayino.cl\/imagenes\/banda20111111.jpg\" alt=\"YUNGAYINO.CL - El Portal de Yungay\" \/><\/p>\n<p><span style=\"font-family: arial,helvetica,sans-serif;\"><span style=\"font-size: small;\">Yungay, con la presencia del Seremi de Educaci\u00f3n don Benjam\u00edn Maureira, el alcalde Pedro Inostroza, el honorable Concejo Municipal, autoridades comunales y delegaciones de 9 establecimientos provenientes de la Provincia de \u00d1uble se realiz\u00f3 el Cuarto Encuentro Provincial de Bandas de Guerra en Yungay. El encuentro no competitivo se realizo en el Estadio Municipal y el principal objetivo de este evento que fue organizado por el Departamento de Educaci\u00f3n Municipal de nuestra comuna enmarcado dentro de las acciones 2011 del Fondo de Apoyo a la Gesti\u00f3n de Educaci\u00f3n Municipal (FAGEM), fue crear espacios e instancias para que los alumnos y alumnas que integran la distintas bandas de la provincia de \u00d1uble intercambiaran experiencias y tuvieran la posibilidad de compartir en sana convivencia dentro de un marco de camarader\u00eda, valores y amistad. Cabe destacar que al finalizar esta actividad se entregaron galvanos de reconocimiento a cada una de las bandas participantes.<\/span><\/span><\/p>\n<p><a href=\"http:\/\/www.facebook.com\/media\/set\/?set=a.317492118265834.97421.159561284058919&amp;type=3&amp;saved\"><span style=\"font-family: arial,helvetica,sans-serif;\"><span style=\"font-size: small;\">Fotograf\u00edas<\/span><\/span><\/a><\/p>\n<p><object classid=\"clsid:d27cdb6e-ae6d-11cf-96b8-444553540000\" width=\"425\" height=\"350\" codebase=\"http:\/\/download.macromedia.com\/pub\/shockwave\/cabs\/flash\/swflash.cab#version=6,0,40,0\"><param name=\"src\" value=\"http:\/\/www.youtube.com\/v\/XQ9iMtMH2jE\" \/><embed type=\"application\/x-shockwave-flash\" width=\"425\" height=\"350\" src=\"http:\/\/www.youtube.com\/v\/XQ9iMtMH2jE\"><\/embed><\/object><\/p>\n","protected":false},"excerpt":{"rendered":"<p>Yungay, con la presencia del Seremi de Educaci\u00f3n don Benjam\u00edn Maureira, el alcalde Pedro Inostroza, el honorable Concejo Municipal, autoridades comunales y delegaciones de 9 establecimientos provenientes de la Provincia de \u00d1uble se realiz\u00f3&#46;&#46;&#46;<\/p>\n","protected":false},"author":2,"featured_media":15775,"comment_status":"open","ping_status":"open","sticky":false,"template":"","format":"standard","meta":{"footnotes":""},"categories":[1],"tags":[432,1115,8,6],"class_list":["post-6712","post","type-post","status-publish","format-standard","has-post-thumbnail","hentry","category-noticias","tag-encuentro-bandas-guerra-en-yungay","tag-noticias","tag-yungay","tag-yungayino"],"_links":{"self":[{"href":"https:\/\/www.yungayino.cl\/noticias\/index.php?rest_route=\/wp\/v2\/posts\/6712","targetHints":{"allow":["GET"]}}],"collection":[{"href":"https:\/\/www.yungayino.cl\/noticias\/index.php?rest_route=\/wp\/v2\/posts"}],"about":[{"href":"https:\/\/www.yungayino.cl\/noticias\/index.php?rest_route=\/wp\/v2\/types\/post"}],"author":[{"embeddable":true,"href":"https:\/\/www.yungayino.cl\/noticias\/index.php?rest_route=\/wp\/v2\/users\/2"}],"replies":[{"embeddable":true,"href":"https:\/\/www.yungayino.cl\/noticias\/index.php?rest_route=%2Fwp%2Fv2%2Fcomments&post=6712"}],"version-history":[{"count":5,"href":"https:\/\/www.yungayino.cl\/noticias\/index.php?rest_route=\/wp\/v2\/posts\/6712\/revisions"}],"predecessor-version":[{"id":6717,"href":"https:\/\/www.yungayino.cl\/noticias\/index.php?rest_route=\/wp\/v2\/posts\/6712\/revisions\/6717"}],"wp:featuredmedia":[{"embeddable":true,"href":"https:\/\/www.yungayino.cl\/noticias\/index.php?rest_route=\/wp\/v2\/media\/15775"}],"wp:attachment":[{"href":"https:\/\/www.yungayino.cl\/noticias\/index.php?rest_route=%2Fwp%2Fv2%2Fmedia&parent=6712"}],"wp:term":[{"taxonomy":"category","embeddable":true,"href":"https:\/\/www.yungayino.cl\/noticias\/index.php?rest_route=%2Fwp%2Fv2%2Fcategories&post=6712"},{"taxonomy":"post_tag","embeddable":true,"href":"https:\/\/www.yungayino.cl\/noticias\/index.php?rest_route=%2Fwp%2Fv2%2Ftags&post=6712"}],"curies":[{"name":"wp","href":"https:\/\/api.w.org\/{rel}","templated":true}]}}