{"id":6722,"date":"2011-11-20T07:00:01","date_gmt":"2011-11-20T11:00:01","guid":{"rendered":"http:\/\/www.yungayino.cl\/noticias\/?p=6722"},"modified":"2011-11-21T08:40:15","modified_gmt":"2011-11-21T12:40:15","slug":"en-yungay-se-realizo-el-17%c2%ba-%e2%80%9cencuentro-de-la-esquila-y-el-canto-popular","status":"publish","type":"post","link":"https:\/\/www.yungayino.cl\/noticias\/?p=6722","title":{"rendered":"En Yungay se Realiz\u00f3 el 17\u00ba \u201cEncuentro de la Esquila y el Canto Popular"},"content":{"rendered":"<p><img loading=\"lazy\" decoding=\"async\" src=\"http:\/\/www.yungayino.cl\/imagenes\/esquila20111120.jpg\" alt=\"YUNGAYINO.CL - El Portal de Yungay\" width=\"500\" height=\"200\" \/><\/p>\n<p><span style=\"font-family: arial,helvetica,sans-serif;\"><span style=\"font-size: small;\">Yungay, domingo 20 de noviembre se llevo a cabo el 17\u00ba Encuentro de la Esquila y el Canto Popular, en la localidad del Cardal, distante a 4 kil\u00f3metros de Yungay. Todo comenz\u00f3 alrededor de las 10:00 horas y fue organizada por el Comit\u00e9 Campesino San Francisco del Cardal. Esta tradicional actividad que ya lleva 17 a\u00f1os realiz\u00e1ndose y forma parte de las tradiciones de nuestra comuna, consisti\u00f3 en esquilar las ovejas con tijerones con la participaci\u00f3n de representantes de diferentes lugares de la zona, adem\u00e1s de competencias de tejido e hilado, todo esto acompa\u00f1ado de m\u00fasica folcl\u00f3rica entonada por grupos y cantores populares. Adem\u00e1s los asistentes pudieron disfrutar de una variada cociner\u00eda, la cu\u00e1l ofrec\u00eda comidas t\u00edpicas como el asado de cordero, chanfaina, arvejado etc., adem\u00e1s de Stand con artesan\u00edas y dulces. Finalmente los ganadores de las diferentes competencias y juegos criollos fueron premiados por el comit\u00e9 organizador.<\/span><\/span><\/p>\n<p><a href=\"http:\/\/www.facebook.com\/media\/set\/?set=a.322508997764146.98088.159561284058919&amp;type=3&amp;saved\"><span style=\"font-family: arial,helvetica,sans-serif;\"><span style=\"font-size: small;\">Fotograf\u00edas<\/span><\/span><\/a><\/p>\n","protected":false},"excerpt":{"rendered":"<p>Yungay, domingo 20 de noviembre se llevo a cabo el 17\u00ba Encuentro de la Esquila y el Canto Popular, en la localidad del Cardal, distante a 4 kil\u00f3metros de Yungay. Todo comenz\u00f3 alrededor de&#46;&#46;&#46;<\/p>\n","protected":false},"author":2,"featured_media":15777,"comment_status":"open","ping_status":"open","sticky":false,"template":"","format":"standard","meta":{"footnotes":""},"categories":[1],"tags":[98,1115,8,6],"class_list":["post-6722","post","type-post","status-publish","format-standard","has-post-thumbnail","hentry","category-noticias","tag-esquila","tag-noticias","tag-yungay","tag-yungayino"],"_links":{"self":[{"href":"https:\/\/www.yungayino.cl\/noticias\/index.php?rest_route=\/wp\/v2\/posts\/6722","targetHints":{"allow":["GET"]}}],"collection":[{"href":"https:\/\/www.yungayino.cl\/noticias\/index.php?rest_route=\/wp\/v2\/posts"}],"about":[{"href":"https:\/\/www.yungayino.cl\/noticias\/index.php?rest_route=\/wp\/v2\/types\/post"}],"author":[{"embeddable":true,"href":"https:\/\/www.yungayino.cl\/noticias\/index.php?rest_route=\/wp\/v2\/users\/2"}],"replies":[{"embeddable":true,"href":"https:\/\/www.yungayino.cl\/noticias\/index.php?rest_route=%2Fwp%2Fv2%2Fcomments&post=6722"}],"version-history":[{"count":2,"href":"https:\/\/www.yungayino.cl\/noticias\/index.php?rest_route=\/wp\/v2\/posts\/6722\/revisions"}],"predecessor-version":[{"id":6724,"href":"https:\/\/www.yungayino.cl\/noticias\/index.php?rest_route=\/wp\/v2\/posts\/6722\/revisions\/6724"}],"wp:featuredmedia":[{"embeddable":true,"href":"https:\/\/www.yungayino.cl\/noticias\/index.php?rest_route=\/wp\/v2\/media\/15777"}],"wp:attachment":[{"href":"https:\/\/www.yungayino.cl\/noticias\/index.php?rest_route=%2Fwp%2Fv2%2Fmedia&parent=6722"}],"wp:term":[{"taxonomy":"category","embeddable":true,"href":"https:\/\/www.yungayino.cl\/noticias\/index.php?rest_route=%2Fwp%2Fv2%2Fcategories&post=6722"},{"taxonomy":"post_tag","embeddable":true,"href":"https:\/\/www.yungayino.cl\/noticias\/index.php?rest_route=%2Fwp%2Fv2%2Ftags&post=6722"}],"curies":[{"name":"wp","href":"https:\/\/api.w.org\/{rel}","templated":true}]}}