{"id":6741,"date":"2011-11-15T09:00:33","date_gmt":"2011-11-15T13:00:33","guid":{"rendered":"http:\/\/www.yungayino.cl\/noticias\/?p=6741"},"modified":"2011-11-22T09:59:20","modified_gmt":"2011-11-22T13:59:20","slug":"cambio-de-directiva-en-union-comunal-de-juntas-de-vecinos","status":"publish","type":"post","link":"https:\/\/www.yungayino.cl\/noticias\/?p=6741","title":{"rendered":"Cambio de Directiva en Uni\u00f3n Comunal de Juntas de Vecinos"},"content":{"rendered":"<p><img loading=\"lazy\" decoding=\"async\" src=\"http:\/\/www.yungayino.cl\/imagenes\/unioncomunal20111105.gif\" alt=\"YUNGAYINO.CL - El Portal de Yungay\" width=\"500\" height=\"200\" \/><\/p>\n<p><span style=\"font-family: arial,helvetica,sans-serif;\"><span style=\"font-size: small;\">Yungay, este mes se llev\u00f3 a cabo el cambio de la directiva de la uni\u00f3n comunal de juntas de vecinos de nuestra comuna, donde adem\u00e1s se les entreg\u00f3 un reconocimiento a los integrantes del anterior directorio por sus gestiones realizadas. En la ocasi\u00f3n el nuevo directorio present\u00f3 su programa de trabajo y explic\u00f3 lo que espera lograr en su periodo de mandato. Para la ocasi\u00f3n se cont\u00f3 con la presencia del Fiscal Mario Lobos y el Sargento Juan Carlos Espinoza, qui\u00e9n dio una charla informativa relacionada con la prevenci\u00f3n de robos y hurtos en los domicilios. Para finalizar compartieron un c\u00f3ctel.<\/span><\/span><\/p>\n<p><span style=\"font-family: arial,helvetica,sans-serif;\"><span style=\"font-size: small;\"> <\/span><\/span><\/p>\n<p><span style=\"font-family: arial,helvetica,sans-serif;\"><span style=\"font-size: small;\">La nueva directiva qued\u00f3 conformada por:<\/span><\/span><\/p>\n<p><span style=\"font-family: arial,helvetica,sans-serif;\"><span style=\"font-size: small;\"> <\/span><\/span><\/p>\n<p><span style=\"font-family: arial,helvetica,sans-serif;\"><span style=\"font-size: small;\">Presidenta: Ang\u00e9lica Mart\u00ednez<\/span><\/span><\/p>\n<p><span style=\"font-family: arial,helvetica,sans-serif;\"><span style=\"font-size: small;\"> <\/span><\/span><\/p>\n<p><span style=\"font-family: arial,helvetica,sans-serif;\"><span style=\"font-size: small;\">Secretario: H\u00e9ctor Vidal<\/span><\/span><\/p>\n<p><span style=\"font-family: arial,helvetica,sans-serif;\"><span style=\"font-size: small;\"> <\/span><\/span><\/p>\n<p><span style=\"font-family: arial,helvetica,sans-serif;\"><span style=\"font-size: small;\">Tesorera: Clementina Vel\u00e1squez<\/span><\/span><\/p>\n<p><a href=\"http:\/\/www.facebook.com\/media\/set\/?set=a.323186517696394.98190.159561284058919&amp;type=3&amp;saved\"><span style=\"font-family: arial,helvetica,sans-serif;\"><span style=\"font-size: small;\">Fotograf\u00edas<\/span><\/span><\/a><\/p>\n","protected":false},"excerpt":{"rendered":"<p>Yungay, este mes se llev\u00f3 a cabo el cambio de la directiva de la uni\u00f3n comunal de juntas de vecinos de nuestra comuna, donde adem\u00e1s se les entreg\u00f3 un reconocimiento a los integrantes del&#46;&#46;&#46;<\/p>\n","protected":false},"author":2,"featured_media":15781,"comment_status":"open","ping_status":"open","sticky":false,"template":"","format":"standard","meta":{"footnotes":""},"categories":[1],"tags":[1115,433,8,6],"class_list":["post-6741","post","type-post","status-publish","format-standard","has-post-thumbnail","hentry","category-noticias","tag-noticias","tag-union-comunal","tag-yungay","tag-yungayino"],"_links":{"self":[{"href":"https:\/\/www.yungayino.cl\/noticias\/index.php?rest_route=\/wp\/v2\/posts\/6741","targetHints":{"allow":["GET"]}}],"collection":[{"href":"https:\/\/www.yungayino.cl\/noticias\/index.php?rest_route=\/wp\/v2\/posts"}],"about":[{"href":"https:\/\/www.yungayino.cl\/noticias\/index.php?rest_route=\/wp\/v2\/types\/post"}],"author":[{"embeddable":true,"href":"https:\/\/www.yungayino.cl\/noticias\/index.php?rest_route=\/wp\/v2\/users\/2"}],"replies":[{"embeddable":true,"href":"https:\/\/www.yungayino.cl\/noticias\/index.php?rest_route=%2Fwp%2Fv2%2Fcomments&post=6741"}],"version-history":[{"count":4,"href":"https:\/\/www.yungayino.cl\/noticias\/index.php?rest_route=\/wp\/v2\/posts\/6741\/revisions"}],"predecessor-version":[{"id":6744,"href":"https:\/\/www.yungayino.cl\/noticias\/index.php?rest_route=\/wp\/v2\/posts\/6741\/revisions\/6744"}],"wp:featuredmedia":[{"embeddable":true,"href":"https:\/\/www.yungayino.cl\/noticias\/index.php?rest_route=\/wp\/v2\/media\/15781"}],"wp:attachment":[{"href":"https:\/\/www.yungayino.cl\/noticias\/index.php?rest_route=%2Fwp%2Fv2%2Fmedia&parent=6741"}],"wp:term":[{"taxonomy":"category","embeddable":true,"href":"https:\/\/www.yungayino.cl\/noticias\/index.php?rest_route=%2Fwp%2Fv2%2Fcategories&post=6741"},{"taxonomy":"post_tag","embeddable":true,"href":"https:\/\/www.yungayino.cl\/noticias\/index.php?rest_route=%2Fwp%2Fv2%2Ftags&post=6741"}],"curies":[{"name":"wp","href":"https:\/\/api.w.org\/{rel}","templated":true}]}}