{"id":6809,"date":"2011-11-29T14:00:13","date_gmt":"2011-11-29T18:00:13","guid":{"rendered":"http:\/\/www.yungayino.cl\/noticias\/?p=6809"},"modified":"2011-12-02T15:26:47","modified_gmt":"2011-12-02T19:26:47","slug":"escuela-fernando-baquedano-celebro-26-anos-al-servicio-de-la-educacion-en-yungay","status":"publish","type":"post","link":"https:\/\/www.yungayino.cl\/noticias\/?p=6809","title":{"rendered":"Escuela Fernando Baquedano Celebro 26 a\u00f1os al Servicio de la Educaci\u00f3n en Yungay"},"content":{"rendered":"<p><img loading=\"lazy\" decoding=\"async\" src=\"http:\/\/www.yungayino.cl\/imagenes\/baquedano20111123.jpg\" alt=\"YUNGAYINO.CL - El Portal de Yungay\" width=\"500\" height=\"200\" \/><\/p>\n<p><span style=\"font-family: arial,helvetica,sans-serif;\"><span style=\"font-size: small;\">Yungay, la Escuela Fernando Baquedano celebr\u00f3 con un acto oficial su aniversario N\u00ba 26 el cual se llevo a cabo en el frontis del establecimiento y fue liderado por su Director Gabriel Quintrileo en compa\u00f1\u00eda de autoridades, profesores, alumnos, apoderados y p\u00fablico en general. Cabe recordar que la Escuela Fernando Baquedano, tiene por misi\u00f3n \u201ceducar en su diversidad a todos los estudiantes, a trav\u00e9s de estrategias y metodolog\u00edas activas participativas, innovadoras y con un fuerte car\u00e1cter creativo y contextualizada, permitiendo as\u00ed lograr una educaci\u00f3n de calidad, utilizando las nuevas tecnolog\u00edas avanzadas e incorporadas en el proceso a la comunidad educativa, particularmente a la familia, n\u00facleo fundamental de toda sociedad. Durante el acto se realizaron presentaciones art\u00edsticas, finalizando con un coctel.<\/span><\/span><\/p>\n<p><a href=\"http:\/\/www.facebook.com\/media\/set\/?set=a.329722687042777.99256.159561284058919&amp;type=3&amp;saved\"><span style=\"font-family: arial,helvetica,sans-serif;\"><span style=\"font-size: small;\">Fotograf\u00edas<\/span><\/span><\/a><\/p>\n","protected":false},"excerpt":{"rendered":"<p>Yungay, la Escuela Fernando Baquedano celebr\u00f3 con un acto oficial su aniversario N\u00ba 26 el cual se llevo a cabo en el frontis del establecimiento y fue liderado por su Director Gabriel Quintrileo en&#46;&#46;&#46;<\/p>\n","protected":false},"author":2,"featured_media":15792,"comment_status":"open","ping_status":"open","sticky":false,"template":"","format":"standard","meta":{"footnotes":""},"categories":[1],"tags":[367,1115,8,6],"class_list":["post-6809","post","type-post","status-publish","format-standard","has-post-thumbnail","hentry","category-noticias","tag-fernando-baquedano","tag-noticias","tag-yungay","tag-yungayino"],"_links":{"self":[{"href":"https:\/\/www.yungayino.cl\/noticias\/index.php?rest_route=\/wp\/v2\/posts\/6809","targetHints":{"allow":["GET"]}}],"collection":[{"href":"https:\/\/www.yungayino.cl\/noticias\/index.php?rest_route=\/wp\/v2\/posts"}],"about":[{"href":"https:\/\/www.yungayino.cl\/noticias\/index.php?rest_route=\/wp\/v2\/types\/post"}],"author":[{"embeddable":true,"href":"https:\/\/www.yungayino.cl\/noticias\/index.php?rest_route=\/wp\/v2\/users\/2"}],"replies":[{"embeddable":true,"href":"https:\/\/www.yungayino.cl\/noticias\/index.php?rest_route=%2Fwp%2Fv2%2Fcomments&post=6809"}],"version-history":[{"count":6,"href":"https:\/\/www.yungayino.cl\/noticias\/index.php?rest_route=\/wp\/v2\/posts\/6809\/revisions"}],"predecessor-version":[{"id":6815,"href":"https:\/\/www.yungayino.cl\/noticias\/index.php?rest_route=\/wp\/v2\/posts\/6809\/revisions\/6815"}],"wp:featuredmedia":[{"embeddable":true,"href":"https:\/\/www.yungayino.cl\/noticias\/index.php?rest_route=\/wp\/v2\/media\/15792"}],"wp:attachment":[{"href":"https:\/\/www.yungayino.cl\/noticias\/index.php?rest_route=%2Fwp%2Fv2%2Fmedia&parent=6809"}],"wp:term":[{"taxonomy":"category","embeddable":true,"href":"https:\/\/www.yungayino.cl\/noticias\/index.php?rest_route=%2Fwp%2Fv2%2Fcategories&post=6809"},{"taxonomy":"post_tag","embeddable":true,"href":"https:\/\/www.yungayino.cl\/noticias\/index.php?rest_route=%2Fwp%2Fv2%2Ftags&post=6809"}],"curies":[{"name":"wp","href":"https:\/\/api.w.org\/{rel}","templated":true}]}}