{"id":6816,"date":"2011-11-30T16:00:35","date_gmt":"2011-11-30T20:00:35","guid":{"rendered":"http:\/\/www.yungayino.cl\/noticias\/?p=6816"},"modified":"2011-12-02T23:31:46","modified_gmt":"2011-12-03T03:31:46","slug":"colegio-nueva-esperanza-de-yungay-celebro-2-anos-de-vida","status":"publish","type":"post","link":"https:\/\/www.yungayino.cl\/noticias\/?p=6816","title":{"rendered":"Colegio Nueva Esperanza de Yungay Celebro 2 a\u00f1os de Vida"},"content":{"rendered":"<p><img loading=\"lazy\" decoding=\"async\" src=\"http:\/\/www.yungayino.cl\/imagenes\/esperanza20111123.jpg\" alt=\"YUNGAYINO.CL - El Portal de Yungay\" width=\"500\" height=\"200\" \/><\/p>\n<p><span style=\"font-family: arial,helvetica,sans-serif;\"><span style=\"font-size: small;\">Yungay, el Colegio Nueva Esperanza conmemoro su segundo aniversario con una ceremonia, la cual fue liderada por su Sostenedor, Gonzalo Aedo Escand\u00f3n en compa\u00f1\u00eda del alcalde Pedro Inostroza, concejales, autoridades, profesores, alumnos, apoderados y p\u00fablico en general. Cabe recordar que el Colegio Nueva Esperanza, tiene por misi\u00f3n \u201cConstruir una comunidad educativa comprometida en la formaci\u00f3n de personas \u00edntegras, libres, creativas, responsables, forjadores del futuro con las herramientas necesarias para servir y transformar la sociedad.\u201d En la ocasi\u00f3n la Directora del Colegio, Sandra Correa Aedo agradeci\u00f3 a los presentes por la asistencia y a todos los que conforman este establecimiento educativo e insto a seguir trabajando para continuar creciendo y cumplir muchos a\u00f1os m\u00e1s.<\/span><\/span><\/p>\n<p><a href=\"http:\/\/www.facebook.com\/media\/set\/?set=a.329798443701868.99263.159561284058919&amp;type=3&amp;saved\"><span style=\"font-family: arial,helvetica,sans-serif;\"><span style=\"font-size: small;\">Fotograf\u00edas<\/span><\/span><\/a><\/p>\n<p><object classid=\"clsid:d27cdb6e-ae6d-11cf-96b8-444553540000\" width=\"425\" height=\"350\" codebase=\"http:\/\/download.macromedia.com\/pub\/shockwave\/cabs\/flash\/swflash.cab#version=6,0,40,0\"><param name=\"src\" value=\"http:\/\/www.youtube.com\/v\/MEUtQliFHh0\" \/><embed type=\"application\/x-shockwave-flash\" width=\"425\" height=\"350\" src=\"http:\/\/www.youtube.com\/v\/MEUtQliFHh0\"><\/embed><\/object><\/p>\n","protected":false},"excerpt":{"rendered":"<p>Yungay, el Colegio Nueva Esperanza conmemoro su segundo aniversario con una ceremonia, la cual fue liderada por su Sostenedor, Gonzalo Aedo Escand\u00f3n en compa\u00f1\u00eda del alcalde Pedro Inostroza, concejales, autoridades, profesores, alumnos, apoderados y&#46;&#46;&#46;<\/p>\n","protected":false},"author":2,"featured_media":15793,"comment_status":"open","ping_status":"open","sticky":false,"template":"","format":"standard","meta":{"footnotes":""},"categories":[1],"tags":[320,1115,8,6],"class_list":["post-6816","post","type-post","status-publish","format-standard","has-post-thumbnail","hentry","category-noticias","tag-colegio-nueva-esperanza","tag-noticias","tag-yungay","tag-yungayino"],"_links":{"self":[{"href":"https:\/\/www.yungayino.cl\/noticias\/index.php?rest_route=\/wp\/v2\/posts\/6816","targetHints":{"allow":["GET"]}}],"collection":[{"href":"https:\/\/www.yungayino.cl\/noticias\/index.php?rest_route=\/wp\/v2\/posts"}],"about":[{"href":"https:\/\/www.yungayino.cl\/noticias\/index.php?rest_route=\/wp\/v2\/types\/post"}],"author":[{"embeddable":true,"href":"https:\/\/www.yungayino.cl\/noticias\/index.php?rest_route=\/wp\/v2\/users\/2"}],"replies":[{"embeddable":true,"href":"https:\/\/www.yungayino.cl\/noticias\/index.php?rest_route=%2Fwp%2Fv2%2Fcomments&post=6816"}],"version-history":[{"count":5,"href":"https:\/\/www.yungayino.cl\/noticias\/index.php?rest_route=\/wp\/v2\/posts\/6816\/revisions"}],"predecessor-version":[{"id":6824,"href":"https:\/\/www.yungayino.cl\/noticias\/index.php?rest_route=\/wp\/v2\/posts\/6816\/revisions\/6824"}],"wp:featuredmedia":[{"embeddable":true,"href":"https:\/\/www.yungayino.cl\/noticias\/index.php?rest_route=\/wp\/v2\/media\/15793"}],"wp:attachment":[{"href":"https:\/\/www.yungayino.cl\/noticias\/index.php?rest_route=%2Fwp%2Fv2%2Fmedia&parent=6816"}],"wp:term":[{"taxonomy":"category","embeddable":true,"href":"https:\/\/www.yungayino.cl\/noticias\/index.php?rest_route=%2Fwp%2Fv2%2Fcategories&post=6816"},{"taxonomy":"post_tag","embeddable":true,"href":"https:\/\/www.yungayino.cl\/noticias\/index.php?rest_route=%2Fwp%2Fv2%2Ftags&post=6816"}],"curies":[{"name":"wp","href":"https:\/\/api.w.org\/{rel}","templated":true}]}}