{"id":6894,"date":"2011-12-15T14:00:25","date_gmt":"2011-12-15T18:00:25","guid":{"rendered":"http:\/\/www.yungayino.cl\/noticias\/?p=6894"},"modified":"2011-12-17T14:38:00","modified_gmt":"2011-12-17T18:38:00","slug":"en-yungay-se-realizo-jornada-de-finalizacion-de-actividades-de-promocion-en-salud","status":"publish","type":"post","link":"https:\/\/www.yungayino.cl\/noticias\/?p=6894","title":{"rendered":"En Yungay se Realiz\u00f3 Jornada de Finalizaci\u00f3n de Actividades de Promoci\u00f3n en Salud"},"content":{"rendered":"<p><img loading=\"lazy\" decoding=\"async\" src=\"http:\/\/www.yungayino.cl\/imagenes\/salud20111215.jpg\" alt=\"YUNGAYINO.CL - El Portal de Yungay\" width=\"500\" height=\"200\" \/><\/p>\n<p><span style=\"font-family: arial,helvetica,sans-serif;\"><span style=\"font-size: small;\">Yungay, en la Plaza Iquique de nuestra comuna se llevo a cabo la Jornada de Finalizaci\u00f3n de actividades de Promoci\u00f3n en Salud, en la cu\u00e1l se instalaron Stand Saludables de diferentes entes como Carabineros, OPD Laja Diguill\u00edn, Hospital Comunitario de Salud Familiar que promocionaron y realizaron diferentes actividades durante este a\u00f1o en el marco del Programa \u201cElige Vivir Sano\u201d que ha impulsado el Gobierno. La Ceremonia fue encabezada por el Cesfam de Campanario y cont\u00f3 con la presencia del Mayor John Cornejo, Carolina Baeza Villa, Directora Departamento de Salud Municipal, Carolina San Mart\u00edn Opazo, Coordinadora Comunal de Promoci\u00f3n en Salud de Yungay, autoridades locales y p\u00fablico en general.<\/span><\/span><\/p>\n<p><a href=\"http:\/\/www.facebook.com\/media\/set\/?set=a.340602109288168.100856.159561284058919&amp;type=1\"><span style=\"font-family: arial,helvetica,sans-serif;\"><span style=\"font-size: small;\">Fotograf\u00edas<\/span><\/span><\/a><\/p>\n","protected":false},"excerpt":{"rendered":"<p>Yungay, en la Plaza Iquique de nuestra comuna se llevo a cabo la Jornada de Finalizaci\u00f3n de actividades de Promoci\u00f3n en Salud, en la cu\u00e1l se instalaron Stand Saludables de diferentes entes como Carabineros,&#46;&#46;&#46;<\/p>\n","protected":false},"author":2,"featured_media":15803,"comment_status":"open","ping_status":"open","sticky":false,"template":"","format":"standard","meta":{"footnotes":""},"categories":[1],"tags":[440,1115,65,8,6],"class_list":["post-6894","post","type-post","status-publish","format-standard","has-post-thumbnail","hentry","category-noticias","tag-cesfam","tag-noticias","tag-salud","tag-yungay","tag-yungayino"],"_links":{"self":[{"href":"https:\/\/www.yungayino.cl\/noticias\/index.php?rest_route=\/wp\/v2\/posts\/6894","targetHints":{"allow":["GET"]}}],"collection":[{"href":"https:\/\/www.yungayino.cl\/noticias\/index.php?rest_route=\/wp\/v2\/posts"}],"about":[{"href":"https:\/\/www.yungayino.cl\/noticias\/index.php?rest_route=\/wp\/v2\/types\/post"}],"author":[{"embeddable":true,"href":"https:\/\/www.yungayino.cl\/noticias\/index.php?rest_route=\/wp\/v2\/users\/2"}],"replies":[{"embeddable":true,"href":"https:\/\/www.yungayino.cl\/noticias\/index.php?rest_route=%2Fwp%2Fv2%2Fcomments&post=6894"}],"version-history":[{"count":5,"href":"https:\/\/www.yungayino.cl\/noticias\/index.php?rest_route=\/wp\/v2\/posts\/6894\/revisions"}],"predecessor-version":[{"id":6899,"href":"https:\/\/www.yungayino.cl\/noticias\/index.php?rest_route=\/wp\/v2\/posts\/6894\/revisions\/6899"}],"wp:featuredmedia":[{"embeddable":true,"href":"https:\/\/www.yungayino.cl\/noticias\/index.php?rest_route=\/wp\/v2\/media\/15803"}],"wp:attachment":[{"href":"https:\/\/www.yungayino.cl\/noticias\/index.php?rest_route=%2Fwp%2Fv2%2Fmedia&parent=6894"}],"wp:term":[{"taxonomy":"category","embeddable":true,"href":"https:\/\/www.yungayino.cl\/noticias\/index.php?rest_route=%2Fwp%2Fv2%2Fcategories&post=6894"},{"taxonomy":"post_tag","embeddable":true,"href":"https:\/\/www.yungayino.cl\/noticias\/index.php?rest_route=%2Fwp%2Fv2%2Ftags&post=6894"}],"curies":[{"name":"wp","href":"https:\/\/api.w.org\/{rel}","templated":true}]}}