{"id":6905,"date":"2011-12-12T11:00:23","date_gmt":"2011-12-12T15:00:23","guid":{"rendered":"http:\/\/www.yungayino.cl\/noticias\/?p=6905"},"modified":"2011-12-17T14:51:55","modified_gmt":"2011-12-17T18:51:55","slug":"daem-realiza-reconocimiento-a-mayor-de-carabineros-de-yungay","status":"publish","type":"post","link":"https:\/\/www.yungayino.cl\/noticias\/?p=6905","title":{"rendered":"DAEM Realiza Reconocimiento a Mayor de Carabineros de Yungay"},"content":{"rendered":"<p><img loading=\"lazy\" decoding=\"async\" src=\"http:\/\/www.yungayino.cl\/imagenes\/daem20111215.jpg\" alt=\"YUNGAYINO.CL - El Portal de Yungay\" width=\"500\" height=\"200\" \/><\/p>\n<p><span style=\"font-family: arial,helvetica,sans-serif;\"><span style=\"font-size: small;\">Yungay, en dependencias de la Cuarta Comisar\u00eda de Carabineros, la Jefa DAEM se\u00f1ora Eugenia L\u00f3pez Hern\u00e1ndez y Funcionarios de ese Departamento, realizaron entrega de un galvano recordatorio al Mayor se\u00f1or John Marco Cornejo Varela, a ra\u00edz del traslado del Oficial Jefe a la ciudad de Concepci\u00f3n, dicha entrega se debe al reconocimiento a su constante cooperaci\u00f3n a las funciones educativas realizadas en nuestra comuna.<\/span><\/span><\/p>\n","protected":false},"excerpt":{"rendered":"<p>Yungay, en dependencias de la Cuarta Comisar\u00eda de Carabineros, la Jefa DAEM se\u00f1ora Eugenia L\u00f3pez Hern\u00e1ndez y Funcionarios de ese Departamento, realizaron entrega de un galvano recordatorio al Mayor se\u00f1or John Marco Cornejo Varela,&#46;&#46;&#46;<\/p>\n","protected":false},"author":2,"featured_media":15805,"comment_status":"open","ping_status":"open","sticky":false,"template":"","format":"standard","meta":{"footnotes":""},"categories":[1],"tags":[25,355,1115,8,6],"class_list":["post-6905","post","type-post","status-publish","format-standard","has-post-thumbnail","hentry","category-noticias","tag-carabineros","tag-daem","tag-noticias","tag-yungay","tag-yungayino"],"_links":{"self":[{"href":"https:\/\/www.yungayino.cl\/noticias\/index.php?rest_route=\/wp\/v2\/posts\/6905","targetHints":{"allow":["GET"]}}],"collection":[{"href":"https:\/\/www.yungayino.cl\/noticias\/index.php?rest_route=\/wp\/v2\/posts"}],"about":[{"href":"https:\/\/www.yungayino.cl\/noticias\/index.php?rest_route=\/wp\/v2\/types\/post"}],"author":[{"embeddable":true,"href":"https:\/\/www.yungayino.cl\/noticias\/index.php?rest_route=\/wp\/v2\/users\/2"}],"replies":[{"embeddable":true,"href":"https:\/\/www.yungayino.cl\/noticias\/index.php?rest_route=%2Fwp%2Fv2%2Fcomments&post=6905"}],"version-history":[{"count":2,"href":"https:\/\/www.yungayino.cl\/noticias\/index.php?rest_route=\/wp\/v2\/posts\/6905\/revisions"}],"predecessor-version":[{"id":6907,"href":"https:\/\/www.yungayino.cl\/noticias\/index.php?rest_route=\/wp\/v2\/posts\/6905\/revisions\/6907"}],"wp:featuredmedia":[{"embeddable":true,"href":"https:\/\/www.yungayino.cl\/noticias\/index.php?rest_route=\/wp\/v2\/media\/15805"}],"wp:attachment":[{"href":"https:\/\/www.yungayino.cl\/noticias\/index.php?rest_route=%2Fwp%2Fv2%2Fmedia&parent=6905"}],"wp:term":[{"taxonomy":"category","embeddable":true,"href":"https:\/\/www.yungayino.cl\/noticias\/index.php?rest_route=%2Fwp%2Fv2%2Fcategories&post=6905"},{"taxonomy":"post_tag","embeddable":true,"href":"https:\/\/www.yungayino.cl\/noticias\/index.php?rest_route=%2Fwp%2Fv2%2Ftags&post=6905"}],"curies":[{"name":"wp","href":"https:\/\/api.w.org\/{rel}","templated":true}]}}