{"id":6972,"date":"2011-12-30T23:00:35","date_gmt":"2011-12-31T03:00:35","guid":{"rendered":"http:\/\/www.yungayino.cl\/noticias\/?p=6972"},"modified":"2012-01-01T23:59:15","modified_gmt":"2012-01-02T03:59:15","slug":"en-yungay-se-realizo-1%c2%aa-muestra-artistica-cultural","status":"publish","type":"post","link":"https:\/\/www.yungayino.cl\/noticias\/?p=6972","title":{"rendered":"En Yungay se Realizo 1\u00aa Muestra Art\u00edstica Cultural"},"content":{"rendered":"<p><img loading=\"lazy\" decoding=\"async\" src=\"http:\/\/www.yungayino.cl\/imagenes\/coros20111229.jpg\" alt=\"YUNGAYINO.CL - El Portal de Yungay\" width=\"500\" height=\"200\" \/><\/p>\n<p><span style=\"font-family: arial,helvetica,sans-serif;\"><span style=\"font-size: small;\">Yungay, el pasado viernes 29 de Diciembre se realizo en nuestra comuna la Primera Muestra Art\u00edstica Cultural, la cu\u00e1l se llevo a cabo a partir de las 20:00 horas en el Ode\u00f3n de la Plaza Iquique. La actividad fue organizada por el Departamento de Administraci\u00f3n de Educaci\u00f3n Municipal (DAEM) liderada por su Jefa la Se\u00f1ora Eugenia L\u00f3pez y se realizo con Fondos de Apoyo a la Gesti\u00f3n Municipal en Educaci\u00f3n 2011. La presentaci\u00f3n cont\u00f3 con la participaci\u00f3n de La Orquesta Estudiantil Comunal, el\u00a0 Coro Estudiantil Comunal y del Coro Polif\u00f3nico de la comuna de Bulnes cuyo Director es el Se\u00f1or Patricio Astorga, el cu\u00e1l cuenta con el Patrocino del Se\u00f1or Hugo \u00c1lamos.<\/span><\/span><\/p>\n<p><a href=\"http:\/\/www.facebook.com\/media\/set\/?set=a.350982321583480.103459.159561284058919&amp;type=3\"><span style=\"font-family: arial,helvetica,sans-serif;\"><span style=\"font-size: small;\">Fotograf\u00edas<\/span><\/span><\/a><\/p>\n","protected":false},"excerpt":{"rendered":"<p>Yungay, el pasado viernes 29 de Diciembre se realizo en nuestra comuna la Primera Muestra Art\u00edstica Cultural, la cu\u00e1l se llevo a cabo a partir de las 20:00 horas en el Ode\u00f3n de la&#46;&#46;&#46;<\/p>\n","protected":false},"author":2,"featured_media":15817,"comment_status":"open","ping_status":"open","sticky":false,"template":"","format":"standard","meta":{"footnotes":""},"categories":[1],"tags":[356,1115,8,6],"class_list":["post-6972","post","type-post","status-publish","format-standard","has-post-thumbnail","hentry","category-noticias","tag-municipalidad","tag-noticias","tag-yungay","tag-yungayino"],"_links":{"self":[{"href":"https:\/\/www.yungayino.cl\/noticias\/index.php?rest_route=\/wp\/v2\/posts\/6972","targetHints":{"allow":["GET"]}}],"collection":[{"href":"https:\/\/www.yungayino.cl\/noticias\/index.php?rest_route=\/wp\/v2\/posts"}],"about":[{"href":"https:\/\/www.yungayino.cl\/noticias\/index.php?rest_route=\/wp\/v2\/types\/post"}],"author":[{"embeddable":true,"href":"https:\/\/www.yungayino.cl\/noticias\/index.php?rest_route=\/wp\/v2\/users\/2"}],"replies":[{"embeddable":true,"href":"https:\/\/www.yungayino.cl\/noticias\/index.php?rest_route=%2Fwp%2Fv2%2Fcomments&post=6972"}],"version-history":[{"count":9,"href":"https:\/\/www.yungayino.cl\/noticias\/index.php?rest_route=\/wp\/v2\/posts\/6972\/revisions"}],"predecessor-version":[{"id":6981,"href":"https:\/\/www.yungayino.cl\/noticias\/index.php?rest_route=\/wp\/v2\/posts\/6972\/revisions\/6981"}],"wp:featuredmedia":[{"embeddable":true,"href":"https:\/\/www.yungayino.cl\/noticias\/index.php?rest_route=\/wp\/v2\/media\/15817"}],"wp:attachment":[{"href":"https:\/\/www.yungayino.cl\/noticias\/index.php?rest_route=%2Fwp%2Fv2%2Fmedia&parent=6972"}],"wp:term":[{"taxonomy":"category","embeddable":true,"href":"https:\/\/www.yungayino.cl\/noticias\/index.php?rest_route=%2Fwp%2Fv2%2Fcategories&post=6972"},{"taxonomy":"post_tag","embeddable":true,"href":"https:\/\/www.yungayino.cl\/noticias\/index.php?rest_route=%2Fwp%2Fv2%2Ftags&post=6972"}],"curies":[{"name":"wp","href":"https:\/\/api.w.org\/{rel}","templated":true}]}}