{"id":6982,"date":"2012-01-01T22:00:26","date_gmt":"2012-01-02T02:00:26","guid":{"rendered":"http:\/\/www.yungayino.cl\/noticias\/?p=6982"},"modified":"2012-01-02T00:40:42","modified_gmt":"2012-01-02T04:40:42","slug":"yungay-despidio-ano-2011-con-gran-show-organizado-por-el-municipio","status":"publish","type":"post","link":"https:\/\/www.yungayino.cl\/noticias\/?p=6982","title":{"rendered":"Yungay Despidi\u00f3 A\u00f1o 2011 con Gran Show Organizado Por el Municipio"},"content":{"rendered":"<p><img loading=\"lazy\" decoding=\"async\" src=\"http:\/\/www.yungayino.cl\/imagenes\/fin2011.jpg\" alt=\"YUNGAYINO.CL - El Portal de Yungay\" width=\"500\" height=\"200\" \/><\/p>\n<p><span style=\"font-family: arial,helvetica,sans-serif;\"><span style=\"font-size: small;\">Yungay, una masiva convocatoria tuvo el show art\u00edstico realizado en la Plaza Iquique de nuestra comuna, en alusi\u00f3n a la celebraci\u00f3n de Fiesta de A\u00f1o Nuevo. Para el alcalde de la comuna se\u00f1or Pedro Inostroza este espect\u00e1culo fue realizado por el municipio para que todos los yungayinos y visitantes pudieran disfrutar del t\u00e9rmino del a\u00f1o 2011, as\u00ed como esto marca tambi\u00e9n el comienzo de la antesala de la Semana Yungayina y la celebraci\u00f3n de los 170 a\u00f1os de la fundaci\u00f3n de la comuna el pr\u00f3ximo 20 de enero 2012. El espect\u00e1culo fue animado por la rubia Nicole Moreno m\u00e1s conocida en la televisi\u00f3n como \u201cLuli Love\u201d, qui\u00e9n presento en primer lugar al Grupo \u201cLos Corceles Negros\u201d de la comuna de Mulch\u00e9n, para continuar con el humor de \u201cCharly Badulaque\u201d y sus Cachorritas, finalizando con \u201cLos Viking 5\u201d, quienes hicieron bailar con sus conocidas canciones al masivo p\u00fablico presente.<\/span><\/span><\/p>\n<p><a href=\"http:\/\/www.facebook.com\/media\/set\/?set=a.351000931581619.103466.159561284058919&amp;type=1\"><span style=\"font-family: arial,helvetica,sans-serif;\"><span style=\"font-size: small;\">Fotograf\u00edas<\/span><\/span><\/a><\/p>\n<p><span style=\"font-family: arial,helvetica,sans-serif;\"><span style=\"font-size: small;\"><a href=\"http:\/\/www.yungayino.cl\/noticias\/?p=6982#comments\">Comente Aqu\u00ed<\/a><br \/>\n<\/span><\/span><\/p>\n","protected":false},"excerpt":{"rendered":"<p>Yungay, una masiva convocatoria tuvo el show art\u00edstico realizado en la Plaza Iquique de nuestra comuna, en alusi\u00f3n a la celebraci\u00f3n de Fiesta de A\u00f1o Nuevo. Para el alcalde de la comuna se\u00f1or Pedro&#46;&#46;&#46;<\/p>\n","protected":false},"author":2,"featured_media":15818,"comment_status":"open","ping_status":"open","sticky":false,"template":"","format":"standard","meta":{"footnotes":""},"categories":[1],"tags":[356,1115,8,6],"class_list":["post-6982","post","type-post","status-publish","format-standard","has-post-thumbnail","hentry","category-noticias","tag-municipalidad","tag-noticias","tag-yungay","tag-yungayino"],"_links":{"self":[{"href":"https:\/\/www.yungayino.cl\/noticias\/index.php?rest_route=\/wp\/v2\/posts\/6982","targetHints":{"allow":["GET"]}}],"collection":[{"href":"https:\/\/www.yungayino.cl\/noticias\/index.php?rest_route=\/wp\/v2\/posts"}],"about":[{"href":"https:\/\/www.yungayino.cl\/noticias\/index.php?rest_route=\/wp\/v2\/types\/post"}],"author":[{"embeddable":true,"href":"https:\/\/www.yungayino.cl\/noticias\/index.php?rest_route=\/wp\/v2\/users\/2"}],"replies":[{"embeddable":true,"href":"https:\/\/www.yungayino.cl\/noticias\/index.php?rest_route=%2Fwp%2Fv2%2Fcomments&post=6982"}],"version-history":[{"count":6,"href":"https:\/\/www.yungayino.cl\/noticias\/index.php?rest_route=\/wp\/v2\/posts\/6982\/revisions"}],"predecessor-version":[{"id":6988,"href":"https:\/\/www.yungayino.cl\/noticias\/index.php?rest_route=\/wp\/v2\/posts\/6982\/revisions\/6988"}],"wp:featuredmedia":[{"embeddable":true,"href":"https:\/\/www.yungayino.cl\/noticias\/index.php?rest_route=\/wp\/v2\/media\/15818"}],"wp:attachment":[{"href":"https:\/\/www.yungayino.cl\/noticias\/index.php?rest_route=%2Fwp%2Fv2%2Fmedia&parent=6982"}],"wp:term":[{"taxonomy":"category","embeddable":true,"href":"https:\/\/www.yungayino.cl\/noticias\/index.php?rest_route=%2Fwp%2Fv2%2Fcategories&post=6982"},{"taxonomy":"post_tag","embeddable":true,"href":"https:\/\/www.yungayino.cl\/noticias\/index.php?rest_route=%2Fwp%2Fv2%2Ftags&post=6982"}],"curies":[{"name":"wp","href":"https:\/\/api.w.org\/{rel}","templated":true}]}}