{"id":6989,"date":"2012-01-01T23:58:21","date_gmt":"2012-01-02T03:58:21","guid":{"rendered":"http:\/\/www.yungayino.cl\/noticias\/?p=6989"},"modified":"2012-01-02T11:39:18","modified_gmt":"2012-01-02T15:39:18","slug":"provincia-de-nuble-se-encuentra-en-alerta-roja-a-causa-de-incendios-forestales-y-donde-yungay-tambien-se-ve-afectado","status":"publish","type":"post","link":"https:\/\/www.yungayino.cl\/noticias\/?p=6989","title":{"rendered":"Provincia de \u00d1uble se Encuentra en Alerta Roja a Causa de Incendios Forestales y Donde Yungay Tambi\u00e9n se ve Afectado."},"content":{"rendered":"<p><img loading=\"lazy\" decoding=\"async\" src=\"http:\/\/www.yungayino.cl\/imagenes\/incendio20120101.jpg\" alt=\"YUNGAYINO.CL - El Portal de Yungay\" width=\"500\" height=\"200\" \/><\/p>\n<p><span style=\"font-family: arial,helvetica,sans-serif;\"><span style=\"font-size: small;\">La Gobernaci\u00f3n Provincial informa que \u00d1uble se encuentra en estado de alerta roja, a causa de los diversos focos de incendios forestales que a esta hora se combaten. Seg\u00fan el \u00faltimo reporte entregado por la CONAF, ya van casi 2.000 hect\u00e1reas quemadas en el sector Queime,\u00a0Quill\u00f3n, afectando plantaciones de pino, eucaliptos, matorral y pastizal. El fuego se extiende a esta hora hasta el sector de La Gloria. De acuerdo a informaci\u00f3n entregada por Bomberos, se han quemado viviendas y hay un villorrio sector de Coyanco afectado, por lo que se procedi\u00f3 a evacuar a las familias del lugar. Para tal efecto el\u00a0municipio\u00a0 habilit\u00f3 como\u00a0\u00a0albergue\u00a0el internado de Quill\u00f3n. Los recursos desplegados en Quill\u00f3n son:\u00a01 Brigada de CONAF Concepci\u00f3n, \u00d1uble, Ca\u00f1ete, B\u00edo B\u00edo, voluntarios de 6\u00a0cuerpos de bomberos de \u00d1uble,\u00a04 aviones, 6 helic\u00f3pteros,\u00a0personal de empresas forestales y se cuenta con maquinarias y camiones aljibes. Hay alrededor de 160 brigadistas en el combate de este incendio y se activaron las Brifes del Regimiento Chill\u00e1n. Hay que se\u00f1alar tambi\u00e9n que se ha contado con el apoyo de los municipios aleda\u00f1os en desplegar los camiones aljibes en el llenado de las piscinas del litral en Bulnes y del aer\u00f3dromo Bernardo O\u00b4higgins para abastecer\u00a0 a\u00a0los aviones en los lanzamientos a\u00e9reos. Vi\u00e9ndose agravada la respuesta al combate de incendios por el viento que se ha levantado adem\u00e1s, se han producido otros focos en las comunas de\u00a0 Pemuco, Yungay,\u00a0 Pinto, Chill\u00e1n Viejo y Quirihue. (Noticia en desarrollo).<br \/>\n<\/span><\/span><\/p>\n<p><span style=\"font-family: arial,helvetica,sans-serif;\"><span style=\"font-size: small;\"> <\/span><\/span><\/p>\n<p><a href=\"http:\/\/www.facebook.com\/media\/set\/?set=a.351016058246773.103474.159561284058919&amp;type=1\"><span style=\"font-family: arial,helvetica,sans-serif;\"><span style=\"font-size: small;\"> Fotograf\u00edas<\/span><\/span><\/a><\/p>\n","protected":false},"excerpt":{"rendered":"<p>La Gobernaci\u00f3n Provincial informa que \u00d1uble se encuentra en estado de alerta roja, a causa de los diversos focos de incendios forestales que a esta hora se combaten. Seg\u00fan el \u00faltimo reporte entregado por&#46;&#46;&#46;<\/p>\n","protected":false},"author":2,"featured_media":15819,"comment_status":"open","ping_status":"open","sticky":false,"template":"","format":"standard","meta":{"footnotes":""},"categories":[1],"tags":[445,1115,8,6],"class_list":["post-6989","post","type-post","status-publish","format-standard","has-post-thumbnail","hentry","category-noticias","tag-incendios","tag-noticias","tag-yungay","tag-yungayino"],"_links":{"self":[{"href":"https:\/\/www.yungayino.cl\/noticias\/index.php?rest_route=\/wp\/v2\/posts\/6989","targetHints":{"allow":["GET"]}}],"collection":[{"href":"https:\/\/www.yungayino.cl\/noticias\/index.php?rest_route=\/wp\/v2\/posts"}],"about":[{"href":"https:\/\/www.yungayino.cl\/noticias\/index.php?rest_route=\/wp\/v2\/types\/post"}],"author":[{"embeddable":true,"href":"https:\/\/www.yungayino.cl\/noticias\/index.php?rest_route=\/wp\/v2\/users\/2"}],"replies":[{"embeddable":true,"href":"https:\/\/www.yungayino.cl\/noticias\/index.php?rest_route=%2Fwp%2Fv2%2Fcomments&post=6989"}],"version-history":[{"count":6,"href":"https:\/\/www.yungayino.cl\/noticias\/index.php?rest_route=\/wp\/v2\/posts\/6989\/revisions"}],"predecessor-version":[{"id":6992,"href":"https:\/\/www.yungayino.cl\/noticias\/index.php?rest_route=\/wp\/v2\/posts\/6989\/revisions\/6992"}],"wp:featuredmedia":[{"embeddable":true,"href":"https:\/\/www.yungayino.cl\/noticias\/index.php?rest_route=\/wp\/v2\/media\/15819"}],"wp:attachment":[{"href":"https:\/\/www.yungayino.cl\/noticias\/index.php?rest_route=%2Fwp%2Fv2%2Fmedia&parent=6989"}],"wp:term":[{"taxonomy":"category","embeddable":true,"href":"https:\/\/www.yungayino.cl\/noticias\/index.php?rest_route=%2Fwp%2Fv2%2Fcategories&post=6989"},{"taxonomy":"post_tag","embeddable":true,"href":"https:\/\/www.yungayino.cl\/noticias\/index.php?rest_route=%2Fwp%2Fv2%2Ftags&post=6989"}],"curies":[{"name":"wp","href":"https:\/\/api.w.org\/{rel}","templated":true}]}}