{"id":6996,"date":"2012-01-09T15:00:04","date_gmt":"2012-01-09T19:00:04","guid":{"rendered":"http:\/\/www.yungayino.cl\/noticias\/?p=6996"},"modified":"2012-01-09T17:22:45","modified_gmt":"2012-01-09T21:22:45","slug":"en-yungay-se-realizara-muestra-internacional-sudamericana-de-folclor-escolar","status":"publish","type":"post","link":"https:\/\/www.yungayino.cl\/noticias\/?p=6996","title":{"rendered":"En Yungay se Realizara Muestra Internacional Sudamericana de Folclor Escolar"},"content":{"rendered":"<p><img loading=\"lazy\" decoding=\"async\" src=\"http:\/\/www.yungayino.cl\/imagenes\/bailebanderas.jpg\" alt=\"YUNGAYINO.CL - El Portal de Yungay\" width=\"500\" height=\"200\" \/><\/p>\n<p><span style=\"font-family: arial,helvetica,sans-serif;\"><span style=\"font-size: small;\">Yungay, los d\u00edas viernes 13 y s\u00e1bado 14 de enero se realizara una Muestra Internacional Sudamericana de Folclor Escolar, la cu\u00e1l contara con la participaci\u00f3n de las delegaciones provenientes de Per\u00fa, Ecuador, Brasil, M\u00e9xico y Chile, as\u00ed lo manifest\u00f3 el propio alcalde Pedro Inostroza al Portal Yungayino.cl e hizo la invitaci\u00f3n a todos los yungayinos y visitantes a participar de esta gran muestra internacional la cu\u00e1l se inaugurara el d\u00eda viernes 13 de enero a las 10:00 horas en el frontis de la Ilustre Municipalidad y contara con la presencia del Seremi de Educaci\u00f3n Regi\u00f3n del Bio-Bio, Benjam\u00edn Maureira. La actividad, que cuenta con el patrocinio del Ministerio de Educaci\u00f3n, busca la transversalidad y la equidad en los valores y tradiciones de los diferentes pa\u00edses que participan. Finalmente el Alcalde reitero su invitaci\u00f3n a participar de este gran evento que dar\u00e1 inicio a la celebraci\u00f3n de los 170 a\u00f1os que cumplir\u00e1 nuestra comuna el 20 de enero y donde adem\u00e1s se espera una variedad de actividades para la Tradicional Semana Yungayina 2012.<\/span><\/span><\/p>\n<p><a href=\"http:\/\/www.yungayino.cl\/noticias\/?p=6996#comments\"><span style=\"font-family: arial,helvetica,sans-serif;\"><span style=\"font-size: small;\">Comente Aqu\u00ed<\/span><\/span><\/a><\/p>\n","protected":false},"excerpt":{"rendered":"<p>Yungay, los d\u00edas viernes 13 y s\u00e1bado 14 de enero se realizara una Muestra Internacional Sudamericana de Folclor Escolar, la cu\u00e1l contara con la participaci\u00f3n de las delegaciones provenientes de Per\u00fa, Ecuador, Brasil, M\u00e9xico&#46;&#46;&#46;<\/p>\n","protected":false},"author":2,"featured_media":15820,"comment_status":"open","ping_status":"open","sticky":false,"template":"","format":"standard","meta":{"footnotes":""},"categories":[1],"tags":[356,1115,8,6],"class_list":["post-6996","post","type-post","status-publish","format-standard","has-post-thumbnail","hentry","category-noticias","tag-municipalidad","tag-noticias","tag-yungay","tag-yungayino"],"_links":{"self":[{"href":"https:\/\/www.yungayino.cl\/noticias\/index.php?rest_route=\/wp\/v2\/posts\/6996","targetHints":{"allow":["GET"]}}],"collection":[{"href":"https:\/\/www.yungayino.cl\/noticias\/index.php?rest_route=\/wp\/v2\/posts"}],"about":[{"href":"https:\/\/www.yungayino.cl\/noticias\/index.php?rest_route=\/wp\/v2\/types\/post"}],"author":[{"embeddable":true,"href":"https:\/\/www.yungayino.cl\/noticias\/index.php?rest_route=\/wp\/v2\/users\/2"}],"replies":[{"embeddable":true,"href":"https:\/\/www.yungayino.cl\/noticias\/index.php?rest_route=%2Fwp%2Fv2%2Fcomments&post=6996"}],"version-history":[{"count":5,"href":"https:\/\/www.yungayino.cl\/noticias\/index.php?rest_route=\/wp\/v2\/posts\/6996\/revisions"}],"predecessor-version":[{"id":7001,"href":"https:\/\/www.yungayino.cl\/noticias\/index.php?rest_route=\/wp\/v2\/posts\/6996\/revisions\/7001"}],"wp:featuredmedia":[{"embeddable":true,"href":"https:\/\/www.yungayino.cl\/noticias\/index.php?rest_route=\/wp\/v2\/media\/15820"}],"wp:attachment":[{"href":"https:\/\/www.yungayino.cl\/noticias\/index.php?rest_route=%2Fwp%2Fv2%2Fmedia&parent=6996"}],"wp:term":[{"taxonomy":"category","embeddable":true,"href":"https:\/\/www.yungayino.cl\/noticias\/index.php?rest_route=%2Fwp%2Fv2%2Fcategories&post=6996"},{"taxonomy":"post_tag","embeddable":true,"href":"https:\/\/www.yungayino.cl\/noticias\/index.php?rest_route=%2Fwp%2Fv2%2Ftags&post=6996"}],"curies":[{"name":"wp","href":"https:\/\/api.w.org\/{rel}","templated":true}]}}