{"id":7016,"date":"2012-01-14T08:00:27","date_gmt":"2012-01-14T12:00:27","guid":{"rendered":"http:\/\/www.yungayino.cl\/noticias\/?p=7016"},"modified":"2012-01-14T10:28:21","modified_gmt":"2012-01-14T14:28:21","slug":"emotiva-ceremonia-de-licenciatura-de-jardin-infantil-verde-amanecer-de-yungay","status":"publish","type":"post","link":"https:\/\/www.yungayino.cl\/noticias\/?p=7016","title":{"rendered":"Emotiva Ceremonia de Licenciatura de Jard\u00edn Infantil Verde Amanecer de Yungay"},"content":{"rendered":"<p><img loading=\"lazy\" decoding=\"async\" src=\"http:\/\/www.yungayino.cl\/imagenes\/licenciatura20120110.jpg\" alt=\"YUNGAYINO.CL - El Portal de Yungay\" width=\"500\" height=\"200\" \/><\/p>\n<p><span style=\"font-family: arial,helvetica,sans-serif;\"><span style=\"font-size: small;\">Yungay, jueves 12 de enero a partir de las 10:00 horas se llevo a cabo una emotiva Ceremonia de Licenciatura de los ni\u00f1os y ni\u00f1as pertenecientes al\u00a0 Jard\u00edn Infantil Verde Amanecer de Yungay en el hall del Colegio Divina Pastora. La ceremonia fue encabezada por su Directora Marisol Castillo Osses, qui\u00e9n adem\u00e1s cont\u00f3 con la presencia de invitados especiales, padres y apoderados de los ni\u00f1os. Finalmente se procedi\u00f3 a la entrega de certificados de parte de sus respectivas T\u00edas del jard\u00edn adem\u00e1s de la entrega de un premio en reconocimiento a los alumnos que se destacaron por una buena asistencia.<\/span><\/span><\/p>\n<p><a href=\"http:\/\/www.facebook.com\/media\/set\/?set=a.359957040686008.105259.159561284058919&amp;type=1\"><span style=\"font-family: arial,helvetica,sans-serif;\"><span style=\"font-size: small;\">Fotograf\u00edas<\/span><\/span><\/a><\/p>\n","protected":false},"excerpt":{"rendered":"<p>Yungay, jueves 12 de enero a partir de las 10:00 horas se llevo a cabo una emotiva Ceremonia de Licenciatura de los ni\u00f1os y ni\u00f1as pertenecientes al\u00a0 Jard\u00edn Infantil Verde Amanecer de Yungay en&#46;&#46;&#46;<\/p>\n","protected":false},"author":2,"featured_media":15823,"comment_status":"open","ping_status":"open","sticky":false,"template":"","format":"standard","meta":{"footnotes":""},"categories":[1],"tags":[247,1115,8,6],"class_list":["post-7016","post","type-post","status-publish","format-standard","has-post-thumbnail","hentry","category-noticias","tag-jardin-verde-amanecer","tag-noticias","tag-yungay","tag-yungayino"],"_links":{"self":[{"href":"https:\/\/www.yungayino.cl\/noticias\/index.php?rest_route=\/wp\/v2\/posts\/7016","targetHints":{"allow":["GET"]}}],"collection":[{"href":"https:\/\/www.yungayino.cl\/noticias\/index.php?rest_route=\/wp\/v2\/posts"}],"about":[{"href":"https:\/\/www.yungayino.cl\/noticias\/index.php?rest_route=\/wp\/v2\/types\/post"}],"author":[{"embeddable":true,"href":"https:\/\/www.yungayino.cl\/noticias\/index.php?rest_route=\/wp\/v2\/users\/2"}],"replies":[{"embeddable":true,"href":"https:\/\/www.yungayino.cl\/noticias\/index.php?rest_route=%2Fwp%2Fv2%2Fcomments&post=7016"}],"version-history":[{"count":4,"href":"https:\/\/www.yungayino.cl\/noticias\/index.php?rest_route=\/wp\/v2\/posts\/7016\/revisions"}],"predecessor-version":[{"id":7020,"href":"https:\/\/www.yungayino.cl\/noticias\/index.php?rest_route=\/wp\/v2\/posts\/7016\/revisions\/7020"}],"wp:featuredmedia":[{"embeddable":true,"href":"https:\/\/www.yungayino.cl\/noticias\/index.php?rest_route=\/wp\/v2\/media\/15823"}],"wp:attachment":[{"href":"https:\/\/www.yungayino.cl\/noticias\/index.php?rest_route=%2Fwp%2Fv2%2Fmedia&parent=7016"}],"wp:term":[{"taxonomy":"category","embeddable":true,"href":"https:\/\/www.yungayino.cl\/noticias\/index.php?rest_route=%2Fwp%2Fv2%2Fcategories&post=7016"},{"taxonomy":"post_tag","embeddable":true,"href":"https:\/\/www.yungayino.cl\/noticias\/index.php?rest_route=%2Fwp%2Fv2%2Ftags&post=7016"}],"curies":[{"name":"wp","href":"https:\/\/api.w.org\/{rel}","templated":true}]}}