{"id":7021,"date":"2012-01-14T10:00:08","date_gmt":"2012-01-14T14:00:08","guid":{"rendered":"http:\/\/www.yungayino.cl\/noticias\/?p=7021"},"modified":"2012-01-14T11:01:36","modified_gmt":"2012-01-14T15:01:36","slug":"con-exito-se-realizo-primera-jornada-de-muestra-sudamericana-de-folclor-escolar-en-yungay","status":"publish","type":"post","link":"https:\/\/www.yungayino.cl\/noticias\/?p=7021","title":{"rendered":"Con \u00c9xito se Realizo Primera Jornada de Muestra Sudamericana de Folclor Escolar en Yungay"},"content":{"rendered":"<p><img loading=\"lazy\" decoding=\"async\" src=\"http:\/\/www.yungayino.cl\/imagenes\/folclor20120114.jpg\" alt=\"YUNGAYINO.CL - El Portal de Yungay\" width=\"500\" height=\"200\" \/><\/p>\n<p><span style=\"font-family: arial,helvetica,sans-serif;\"><span style=\"font-size: small;\">Yungay, viernes 13 de enero a partir de las 22:00 horas en el Estadio Municipal se llevo a cabo con \u00e9xito la primera jornada de la Muestra Sudamericana de Folclor Escolar, organizada por el Departamento de Educaci\u00f3n de Yungay y que cuenta con la participaci\u00f3n de delegaciones que representan a Per\u00fa, Ecuador, Brasil, M\u00e9xico y Chile. Con un marco lleno de p\u00fablico y con la asistencia del alcalde Pedro Inostroza, el Honorable Concejo Municipal, autoridades locales e invitados especiales se desarrollo este lindo espect\u00e1culo que naci\u00f3 con el objetivo de velar por la conservaci\u00f3n y promoci\u00f3n de nuestro folclor, as\u00ed como por el intercambio, convivencia y hermanamiento con otros pueblos, sus culturas, geograf\u00eda e historia. Finalmente el alcalde a trav\u00e9s del Portal Yungayino.cl hizo una invitaci\u00f3n para todas las familias yungayinas y visitantes a asistir este s\u00e1bado al cierre de esta muestra.<\/span><\/span><\/p>\n<p><a href=\"http:\/\/www.facebook.com\/media\/set\/?set=a.359972640684448.105260.159561284058919&amp;type=1\"><span style=\"font-family: arial,helvetica,sans-serif;\"><span style=\"font-size: small;\">Fotograf\u00edas<\/span><\/span><\/a><\/p>\n","protected":false},"excerpt":{"rendered":"<p>Yungay, viernes 13 de enero a partir de las 22:00 horas en el Estadio Municipal se llevo a cabo con \u00e9xito la primera jornada de la Muestra Sudamericana de Folclor Escolar, organizada por el&#46;&#46;&#46;<\/p>\n","protected":false},"author":2,"featured_media":15824,"comment_status":"open","ping_status":"open","sticky":false,"template":"","format":"standard","meta":{"footnotes":""},"categories":[1],"tags":[446,1115,8,6],"class_list":["post-7021","post","type-post","status-publish","format-standard","has-post-thumbnail","hentry","category-noticias","tag-muestra-sudamericana-folclor","tag-noticias","tag-yungay","tag-yungayino"],"_links":{"self":[{"href":"https:\/\/www.yungayino.cl\/noticias\/index.php?rest_route=\/wp\/v2\/posts\/7021","targetHints":{"allow":["GET"]}}],"collection":[{"href":"https:\/\/www.yungayino.cl\/noticias\/index.php?rest_route=\/wp\/v2\/posts"}],"about":[{"href":"https:\/\/www.yungayino.cl\/noticias\/index.php?rest_route=\/wp\/v2\/types\/post"}],"author":[{"embeddable":true,"href":"https:\/\/www.yungayino.cl\/noticias\/index.php?rest_route=\/wp\/v2\/users\/2"}],"replies":[{"embeddable":true,"href":"https:\/\/www.yungayino.cl\/noticias\/index.php?rest_route=%2Fwp%2Fv2%2Fcomments&post=7021"}],"version-history":[{"count":4,"href":"https:\/\/www.yungayino.cl\/noticias\/index.php?rest_route=\/wp\/v2\/posts\/7021\/revisions"}],"predecessor-version":[{"id":7024,"href":"https:\/\/www.yungayino.cl\/noticias\/index.php?rest_route=\/wp\/v2\/posts\/7021\/revisions\/7024"}],"wp:featuredmedia":[{"embeddable":true,"href":"https:\/\/www.yungayino.cl\/noticias\/index.php?rest_route=\/wp\/v2\/media\/15824"}],"wp:attachment":[{"href":"https:\/\/www.yungayino.cl\/noticias\/index.php?rest_route=%2Fwp%2Fv2%2Fmedia&parent=7021"}],"wp:term":[{"taxonomy":"category","embeddable":true,"href":"https:\/\/www.yungayino.cl\/noticias\/index.php?rest_route=%2Fwp%2Fv2%2Fcategories&post=7021"},{"taxonomy":"post_tag","embeddable":true,"href":"https:\/\/www.yungayino.cl\/noticias\/index.php?rest_route=%2Fwp%2Fv2%2Ftags&post=7021"}],"curies":[{"name":"wp","href":"https:\/\/api.w.org\/{rel}","templated":true}]}}