{"id":7046,"date":"2012-01-16T07:00:16","date_gmt":"2012-01-16T11:00:16","guid":{"rendered":"http:\/\/www.yungayino.cl\/noticias\/?p=7046"},"modified":"2012-01-17T15:07:33","modified_gmt":"2012-01-17T19:07:33","slug":"muestra-sudamericana-de-folclor-escolar-finalizo-con-exito-en-yungay","status":"publish","type":"post","link":"https:\/\/www.yungayino.cl\/noticias\/?p=7046","title":{"rendered":"Muestra Sudamericana de Folclor Escolar Finalizo con \u00c9xito en Yungay"},"content":{"rendered":"<p><img loading=\"lazy\" decoding=\"async\" src=\"http:\/\/www.yungayino.cl\/imagenes\/folclor20120115.jpg\" alt=\"YUNGAYINO.CL - El Portal de Yungay\" width=\"500\" height=\"200\" \/><\/p>\n<p><span style=\"font-family: arial,helvetica,sans-serif;\"><span style=\"font-size: small;\">Yungay, con \u00e9xito finalizo la Muestra Sudamericana de Folclor Escolar organizada por el Departamento de Educaci\u00f3n de Yungay en conjunto con la Ilustre Municipalidad y que cont\u00f3 con la participaci\u00f3n de representantes de Per\u00fa, Ecuador, Brasil, M\u00e9xico y Chile. La jornada final al igual que la primera cont\u00f3 con una gran asistencia de p\u00fablico que disfruto de los diferentes bailes y m\u00fasica de culturas e historias de los pa\u00edses hermanos sudamericanos. Al finalizar los organizadores hicieron entrega de un reconocimiento a las distintas delegaciones en honor a su destacada participaci\u00f3n en este primer evento de esta envergadura que se ha realizado en nuestra comuna. Finalmente el alcalde Pedro Inostroza manifest\u00f3 a trav\u00e9s del Portal Yungayino.cl\u00a0 su alegr\u00eda por el \u00e9xito que tuvo este evento cultural y que espera volver a realizarse a futuro, adem\u00e1s reitero su invitaci\u00f3n a todas las familias yungayinas y visitantes a celebrar los 170 a\u00f1os que cumplir\u00e1 la comuna este 20 de enero y donde el municipio a organizado un variado programa de actividades.<\/span><\/span><\/p>\n<p><a href=\"http:\/\/www.facebook.com\/media\/set\/?set=a.362105710471141.105723.159561284058919&amp;type=1\"><span style=\"font-family: arial,helvetica,sans-serif;\"><span style=\"font-size: small;\">Fotograf\u00edas<\/span><\/span><\/a><\/p>\n<p><a href=\"http:\/\/www.yungayino.cl\/noticias\/?p=7046#comments\"><span style=\"font-family: arial,helvetica,sans-serif;\"><span style=\"font-size: small;\">Comente Aqu\u00ed<\/span><\/span><\/a><\/p>\n<p><object classid=\"clsid:d27cdb6e-ae6d-11cf-96b8-444553540000\" width=\"425\" height=\"350\" codebase=\"http:\/\/download.macromedia.com\/pub\/shockwave\/cabs\/flash\/swflash.cab#version=6,0,40,0\"><param name=\"src\" value=\"http:\/\/www.youtube.com\/v\/9q6ReW8S3e4\" \/><embed type=\"application\/x-shockwave-flash\" width=\"425\" height=\"350\" src=\"http:\/\/www.youtube.com\/v\/9q6ReW8S3e4\"><\/embed><\/object><\/p>\n","protected":false},"excerpt":{"rendered":"<p>Yungay, con \u00e9xito finalizo la Muestra Sudamericana de Folclor Escolar organizada por el Departamento de Educaci\u00f3n de Yungay en conjunto con la Ilustre Municipalidad y que cont\u00f3 con la participaci\u00f3n de representantes de Per\u00fa,&#46;&#46;&#46;<\/p>\n","protected":false},"author":2,"featured_media":15827,"comment_status":"open","ping_status":"open","sticky":false,"template":"","format":"standard","meta":{"footnotes":""},"categories":[1],"tags":[447,1115,8,6],"class_list":["post-7046","post","type-post","status-publish","format-standard","has-post-thumbnail","hentry","category-noticias","tag-muestra-folclor","tag-noticias","tag-yungay","tag-yungayino"],"_links":{"self":[{"href":"https:\/\/www.yungayino.cl\/noticias\/index.php?rest_route=\/wp\/v2\/posts\/7046","targetHints":{"allow":["GET"]}}],"collection":[{"href":"https:\/\/www.yungayino.cl\/noticias\/index.php?rest_route=\/wp\/v2\/posts"}],"about":[{"href":"https:\/\/www.yungayino.cl\/noticias\/index.php?rest_route=\/wp\/v2\/types\/post"}],"author":[{"embeddable":true,"href":"https:\/\/www.yungayino.cl\/noticias\/index.php?rest_route=\/wp\/v2\/users\/2"}],"replies":[{"embeddable":true,"href":"https:\/\/www.yungayino.cl\/noticias\/index.php?rest_route=%2Fwp%2Fv2%2Fcomments&post=7046"}],"version-history":[{"count":8,"href":"https:\/\/www.yungayino.cl\/noticias\/index.php?rest_route=\/wp\/v2\/posts\/7046\/revisions"}],"predecessor-version":[{"id":7060,"href":"https:\/\/www.yungayino.cl\/noticias\/index.php?rest_route=\/wp\/v2\/posts\/7046\/revisions\/7060"}],"wp:featuredmedia":[{"embeddable":true,"href":"https:\/\/www.yungayino.cl\/noticias\/index.php?rest_route=\/wp\/v2\/media\/15827"}],"wp:attachment":[{"href":"https:\/\/www.yungayino.cl\/noticias\/index.php?rest_route=%2Fwp%2Fv2%2Fmedia&parent=7046"}],"wp:term":[{"taxonomy":"category","embeddable":true,"href":"https:\/\/www.yungayino.cl\/noticias\/index.php?rest_route=%2Fwp%2Fv2%2Fcategories&post=7046"},{"taxonomy":"post_tag","embeddable":true,"href":"https:\/\/www.yungayino.cl\/noticias\/index.php?rest_route=%2Fwp%2Fv2%2Ftags&post=7046"}],"curies":[{"name":"wp","href":"https:\/\/api.w.org\/{rel}","templated":true}]}}