{"id":7083,"date":"2012-01-19T14:00:45","date_gmt":"2012-01-19T18:00:45","guid":{"rendered":"http:\/\/www.yungayino.cl\/noticias\/?p=7083"},"modified":"2012-01-21T14:21:05","modified_gmt":"2012-01-21T18:21:05","slug":"inauguran-plaza-activa-saludable-en-campanario","status":"publish","type":"post","link":"https:\/\/www.yungayino.cl\/noticias\/?p=7083","title":{"rendered":"Inauguran Plaza Activa Saludable en Campanario"},"content":{"rendered":"<p><img loading=\"lazy\" decoding=\"async\" src=\"http:\/\/www.yungayino.cl\/imagenes\/campanario20120118.jpg\" alt=\"YUNGAYINO.CL - El Portal de Yungay\" width=\"500\" height=\"200\" \/><\/p>\n<p><span style=\"font-family: arial,helvetica,sans-serif;\"><span style=\"font-size: small;\">El d\u00eda lunes 18 de enero del 2012, se realizo\u00a0 en el frontis del CESFAM de Campanario, la inauguraci\u00f3n de la Plaza Saludable, estrategia desarrollada en el plan comunal de promoci\u00f3n del 2011, con el objetivo de fomentar la actividad f\u00edsica y\u00a0 estilos de vida saludables a la comunidad de Campanario. Este proyecto adem\u00e1s incluir\u00e1 la contrataci\u00f3n de Manuel Alarc\u00f3n Erices, por un periodo de tres meses como monitor de actividad f\u00edsica, donde trabajar\u00e1 dos veces por semana para as\u00ed instruir al buen uso de las m\u00e1quinas deportivas. SEREMI de Salud aporto la cantidad de $5.969.500 y el Alcalde de la comuna don Pedro Inostroza\u00a0 en conjunto con la aprobaci\u00f3n del consejo municipal, aportaron la cantidad de $3.020.355. As\u00ed lo inform\u00f3 al Portal Yungayino.cl Carolina Baeza Villa, Directora de Salud Municipalidad de Yungay. <\/span><\/span><\/p>\n<p><a href=\"http:\/\/www.facebook.com\/media\/set\/?set=a.365318413483204.106341.159561284058919&amp;type=1\"><span style=\"font-family: arial,helvetica,sans-serif;\"><span style=\"font-size: small;\">Fotograf\u00edas<\/span><\/span><\/a><\/p>\n","protected":false},"excerpt":{"rendered":"<p>El d\u00eda lunes 18 de enero del 2012, se realizo\u00a0 en el frontis del CESFAM de Campanario, la inauguraci\u00f3n de la Plaza Saludable, estrategia desarrollada en el plan comunal de promoci\u00f3n del 2011, con&#46;&#46;&#46;<\/p>\n","protected":false},"author":2,"featured_media":15832,"comment_status":"open","ping_status":"open","sticky":false,"template":"","format":"standard","meta":{"footnotes":""},"categories":[1],"tags":[31,1120,1115,450,8,6],"class_list":["post-7083","post","type-post","status-publish","format-standard","has-post-thumbnail","hentry","category-noticias","tag-campanario","tag-deporte","tag-noticias","tag-plaza-activa","tag-yungay","tag-yungayino"],"_links":{"self":[{"href":"https:\/\/www.yungayino.cl\/noticias\/index.php?rest_route=\/wp\/v2\/posts\/7083","targetHints":{"allow":["GET"]}}],"collection":[{"href":"https:\/\/www.yungayino.cl\/noticias\/index.php?rest_route=\/wp\/v2\/posts"}],"about":[{"href":"https:\/\/www.yungayino.cl\/noticias\/index.php?rest_route=\/wp\/v2\/types\/post"}],"author":[{"embeddable":true,"href":"https:\/\/www.yungayino.cl\/noticias\/index.php?rest_route=\/wp\/v2\/users\/2"}],"replies":[{"embeddable":true,"href":"https:\/\/www.yungayino.cl\/noticias\/index.php?rest_route=%2Fwp%2Fv2%2Fcomments&post=7083"}],"version-history":[{"count":3,"href":"https:\/\/www.yungayino.cl\/noticias\/index.php?rest_route=\/wp\/v2\/posts\/7083\/revisions"}],"predecessor-version":[{"id":7086,"href":"https:\/\/www.yungayino.cl\/noticias\/index.php?rest_route=\/wp\/v2\/posts\/7083\/revisions\/7086"}],"wp:featuredmedia":[{"embeddable":true,"href":"https:\/\/www.yungayino.cl\/noticias\/index.php?rest_route=\/wp\/v2\/media\/15832"}],"wp:attachment":[{"href":"https:\/\/www.yungayino.cl\/noticias\/index.php?rest_route=%2Fwp%2Fv2%2Fmedia&parent=7083"}],"wp:term":[{"taxonomy":"category","embeddable":true,"href":"https:\/\/www.yungayino.cl\/noticias\/index.php?rest_route=%2Fwp%2Fv2%2Fcategories&post=7083"},{"taxonomy":"post_tag","embeddable":true,"href":"https:\/\/www.yungayino.cl\/noticias\/index.php?rest_route=%2Fwp%2Fv2%2Ftags&post=7083"}],"curies":[{"name":"wp","href":"https:\/\/api.w.org\/{rel}","templated":true}]}}