{"id":7093,"date":"2012-01-19T20:00:29","date_gmt":"2012-01-20T00:00:29","guid":{"rendered":"http:\/\/www.yungayino.cl\/noticias\/?p=7093"},"modified":"2012-01-21T15:50:09","modified_gmt":"2012-01-21T19:50:09","slug":"oficina-de-registro-civil-de-yungay-fue-reinaugurada","status":"publish","type":"post","link":"https:\/\/www.yungayino.cl\/noticias\/?p=7093","title":{"rendered":"Oficina de Registro Civil de Yungay fue Reinaugurada"},"content":{"rendered":"<p><img decoding=\"async\" src=\"http:\/\/www.yungayino.cl\/imagenes\/registrocivil2012.jpg\" alt=\"YUNGAYINO.CL - El Portal de Yungay\" \/><\/p>\n<p>Yungay jueves 19 de enero, el Registro Civil e Identificaci\u00f3n de la Regi\u00f3n del BioB\u00edo\u00a0 en conjunto con La Ilustre Municipalidad de <span style=\"font-family: arial,helvetica,sans-serif;\"><span style=\"font-size: small;\">Yungay reinauguraron las oficinas del Servicio en la comuna. Esto, en el marco del Plan de Reconstrucci\u00f3n 2010 &#8211; 2011 tras los hechos ocurridos el 27 de febrero de 2010 producto del terremoto. La actividad se desarrollo en las dependencias del Registro Civil e Identificaci\u00f3n de la comuna a las 10:00 hrs. La inversi\u00f3n total de $ 281.766.810 y que abarca las 45 oficinas distribuidas a nivel regional consideraron las remodelaciones en los siguientes \u00edtems: reparaci\u00f3n de instalaciones el\u00e9ctricas, cambios de luminaria y de puertas, marcos de ventanas, mobiliario de obra, se\u00f1al\u00e9tica y pintura, entre otras reparaciones. Con esta inversi\u00f3n se lograr\u00e1 entregar a la comunidad oficinas remodeladas, con nueva implementaci\u00f3n en su mobiliario e infraestructura que se traduce en una mejor atenci\u00f3n para nuestros usuarios y mejores dependencias que acogen a nuestros funcionarios. Asistieron a esta importante actividad el Alcalde de la I. Municipalidad de Yungay, Pedro Inostroza y la Directora Regional del Registro Civil e Identificaci\u00f3n, Sandra Ib\u00e1\u00f1ez Hinojosa adem\u00e1s de autoridades locales.<\/span><\/span><\/p>\n<p><a href=\"http:\/\/www.facebook.com\/media\/set\/?set=a.365386993476346.106354.159561284058919&amp;type=1\"><span style=\"font-family: arial,helvetica,sans-serif;\"><span style=\"font-size: small;\">Fotograf\u00edas<\/span><\/span><\/a><\/p>\n","protected":false},"excerpt":{"rendered":"<p>Yungay jueves 19 de enero, el Registro Civil e Identificaci\u00f3n de la Regi\u00f3n del BioB\u00edo\u00a0 en conjunto con La Ilustre Municipalidad de Yungay reinauguraron las oficinas del Servicio en la comuna. Esto, en el&#46;&#46;&#46;<\/p>\n","protected":false},"author":2,"featured_media":15834,"comment_status":"open","ping_status":"open","sticky":false,"template":"","format":"standard","meta":{"footnotes":""},"categories":[1],"tags":[1115,452,8,6],"class_list":["post-7093","post","type-post","status-publish","format-standard","has-post-thumbnail","hentry","category-noticias","tag-noticias","tag-registro-civil-yungay","tag-yungay","tag-yungayino"],"_links":{"self":[{"href":"https:\/\/www.yungayino.cl\/noticias\/index.php?rest_route=\/wp\/v2\/posts\/7093","targetHints":{"allow":["GET"]}}],"collection":[{"href":"https:\/\/www.yungayino.cl\/noticias\/index.php?rest_route=\/wp\/v2\/posts"}],"about":[{"href":"https:\/\/www.yungayino.cl\/noticias\/index.php?rest_route=\/wp\/v2\/types\/post"}],"author":[{"embeddable":true,"href":"https:\/\/www.yungayino.cl\/noticias\/index.php?rest_route=\/wp\/v2\/users\/2"}],"replies":[{"embeddable":true,"href":"https:\/\/www.yungayino.cl\/noticias\/index.php?rest_route=%2Fwp%2Fv2%2Fcomments&post=7093"}],"version-history":[{"count":3,"href":"https:\/\/www.yungayino.cl\/noticias\/index.php?rest_route=\/wp\/v2\/posts\/7093\/revisions"}],"predecessor-version":[{"id":7096,"href":"https:\/\/www.yungayino.cl\/noticias\/index.php?rest_route=\/wp\/v2\/posts\/7093\/revisions\/7096"}],"wp:featuredmedia":[{"embeddable":true,"href":"https:\/\/www.yungayino.cl\/noticias\/index.php?rest_route=\/wp\/v2\/media\/15834"}],"wp:attachment":[{"href":"https:\/\/www.yungayino.cl\/noticias\/index.php?rest_route=%2Fwp%2Fv2%2Fmedia&parent=7093"}],"wp:term":[{"taxonomy":"category","embeddable":true,"href":"https:\/\/www.yungayino.cl\/noticias\/index.php?rest_route=%2Fwp%2Fv2%2Fcategories&post=7093"},{"taxonomy":"post_tag","embeddable":true,"href":"https:\/\/www.yungayino.cl\/noticias\/index.php?rest_route=%2Fwp%2Fv2%2Ftags&post=7093"}],"curies":[{"name":"wp","href":"https:\/\/api.w.org\/{rel}","templated":true}]}}