{"id":7129,"date":"2012-01-22T08:00:38","date_gmt":"2012-01-22T12:00:38","guid":{"rendered":"http:\/\/www.yungayino.cl\/noticias\/?p=7129"},"modified":"2012-01-23T02:23:05","modified_gmt":"2012-01-23T06:23:05","slug":"yungayinos-celebraron-170-anos-de-vida-de-la-comuna","status":"publish","type":"post","link":"https:\/\/www.yungayino.cl\/noticias\/?p=7129","title":{"rendered":"Yungayinos Celebraron 170 a\u00f1os de Vida de la Comuna"},"content":{"rendered":"<p><img loading=\"lazy\" decoding=\"async\" src=\"http:\/\/www.yungayino.cl\/imagenes\/20120120.jpg\" alt=\"YUNGAYINO.CL - El Portal de Yungay\" width=\"500\" height=\"200\" \/><\/p>\n<p><span style=\"font-family: arial,helvetica,sans-serif;\"><span style=\"font-size: small;\">Yungay, con el tradicional desfile c\u00edvico, frente al municipio los yungayinos celebraron 170 a\u00f1os de vida de la comuna, actividad que convoc\u00f3 a la mayor\u00eda de las fuerzas ciudadanas activas. La jornada de celebraci\u00f3n de aniversario se inicio con el embanderamiento de las casas, para que luego la banda instrumental realizara un recorrido por las calles de la comuna. Posteriormente se realiz\u00f3 una Misa de acci\u00f3n de gracia presidida por el P\u00e1rroco Nelson Jara, la cu\u00e1l finalizada las autoridades pol\u00edticas, organizaciones sociales y p\u00fablico en general se trasladaron a la Plaza Iquique a dejar una ofrenda floral al General Fernando Baquedano. A las 12:30 horas se dio inicio al acto c\u00edvico y desfile de Aniversario 170\u00ba de Yungay donde se destaco la historia de la comuna y tambi\u00e9n el alcalde Pedro Inostroza realizo un discurso en el cu\u00e1l hizo un llamado a seguir trabajando todos unidos por el com\u00fan crecimiento de la comuna, adem\u00e1s en la ocasi\u00f3n se firmo un convenio de aporte con la Empresa Arauco para la nueva biblioteca p\u00fablica. El Gobernador Eduardo Dur\u00e1n, el Senador V\u00edctor P\u00e9rez Varela, el Diputado Carlos Abel Jarpa y el alcalde Pedro Inostroza presidieron el desfile junto a las autoridades locales e invitados, donde las fuerzas vivas de la ciudad mostraron sus respetos a la autoridad y a la comuna que las vio nacer. El gobernador Dur\u00e1n aplaudi\u00f3 el paso de las delegaciones y entreg\u00f3 el m\u00e1s sincero saludo de reconocimiento a la comuna de Yungay con motivo de su 170\u00b0 aniversario. <\/span><\/span><\/p>\n<p><a href=\"http:\/\/www.facebook.com\/media\/set\/?set=a.366512350030477.106622.159561284058919&amp;type=1\"><span style=\"font-family: arial,helvetica,sans-serif;\"><span style=\"font-size: small;\">Fotograf\u00edas<\/span><\/span><\/a><\/p>\n","protected":false},"excerpt":{"rendered":"<p>Yungay, con el tradicional desfile c\u00edvico, frente al municipio los yungayinos celebraron 170 a\u00f1os de vida de la comuna, actividad que convoc\u00f3 a la mayor\u00eda de las fuerzas ciudadanas activas. La jornada de celebraci\u00f3n&#46;&#46;&#46;<\/p>\n","protected":false},"author":2,"featured_media":15840,"comment_status":"open","ping_status":"open","sticky":false,"template":"","format":"standard","meta":{"footnotes":""},"categories":[1],"tags":[455,454,1115,149,8,6],"class_list":["post-7129","post","type-post","status-publish","format-standard","has-post-thumbnail","hentry","category-noticias","tag-170-anos","tag-desfile","tag-noticias","tag-semana-yungayina","tag-yungay","tag-yungayino"],"_links":{"self":[{"href":"https:\/\/www.yungayino.cl\/noticias\/index.php?rest_route=\/wp\/v2\/posts\/7129","targetHints":{"allow":["GET"]}}],"collection":[{"href":"https:\/\/www.yungayino.cl\/noticias\/index.php?rest_route=\/wp\/v2\/posts"}],"about":[{"href":"https:\/\/www.yungayino.cl\/noticias\/index.php?rest_route=\/wp\/v2\/types\/post"}],"author":[{"embeddable":true,"href":"https:\/\/www.yungayino.cl\/noticias\/index.php?rest_route=\/wp\/v2\/users\/2"}],"replies":[{"embeddable":true,"href":"https:\/\/www.yungayino.cl\/noticias\/index.php?rest_route=%2Fwp%2Fv2%2Fcomments&post=7129"}],"version-history":[{"count":5,"href":"https:\/\/www.yungayino.cl\/noticias\/index.php?rest_route=\/wp\/v2\/posts\/7129\/revisions"}],"predecessor-version":[{"id":7134,"href":"https:\/\/www.yungayino.cl\/noticias\/index.php?rest_route=\/wp\/v2\/posts\/7129\/revisions\/7134"}],"wp:featuredmedia":[{"embeddable":true,"href":"https:\/\/www.yungayino.cl\/noticias\/index.php?rest_route=\/wp\/v2\/media\/15840"}],"wp:attachment":[{"href":"https:\/\/www.yungayino.cl\/noticias\/index.php?rest_route=%2Fwp%2Fv2%2Fmedia&parent=7129"}],"wp:term":[{"taxonomy":"category","embeddable":true,"href":"https:\/\/www.yungayino.cl\/noticias\/index.php?rest_route=%2Fwp%2Fv2%2Fcategories&post=7129"},{"taxonomy":"post_tag","embeddable":true,"href":"https:\/\/www.yungayino.cl\/noticias\/index.php?rest_route=%2Fwp%2Fv2%2Ftags&post=7129"}],"curies":[{"name":"wp","href":"https:\/\/api.w.org\/{rel}","templated":true}]}}