{"id":7187,"date":"2012-02-02T17:04:57","date_gmt":"2012-02-02T21:04:57","guid":{"rendered":"http:\/\/www.yungayino.cl\/noticias\/?p=7187"},"modified":"2012-02-02T17:26:42","modified_gmt":"2012-02-02T21:26:42","slug":"pemuco-inaugura-4%c2%aa-feria-costumbrista-rindiendo-tributo-a-fallecido-%e2%80%9cmariano-cheo-paredes%e2%80%9d","status":"publish","type":"post","link":"https:\/\/www.yungayino.cl\/noticias\/?p=7187","title":{"rendered":"Pemuco Inaugura 4\u00aa Feria Costumbrista Rindiendo Tributo a Fallecido \u201cMariano Cheo Paredes\u201d"},"content":{"rendered":"<p><img loading=\"lazy\" decoding=\"async\" src=\"http:\/\/www.yungayino.cl\/imagenes\/feriapemuco2012.jpg\" alt=\"YUNGAYINO.CL - El Portal de Yungay\" width=\"500\" height=\"200\" \/><\/p>\n<p><span style=\"font-family: arial,helvetica,sans-serif;\"><span style=\"font-size: small;\">Pemuco, la Ilustre Municipalidad inauguro la 4\u00aa Feria Costumbrista rindi\u00e9ndole tributo al fallecido Cantor Popular\u00a0 \u201cMariano Cheo Paredes\u201d, es por eso que a partir de ahora y por decreto alcaldicio la feria llevara su nombre, as\u00ed lo se\u00f1alo el propio alcalde Julio Mu\u00f1oz a los presentes, qui\u00e9n adem\u00e1s destaco de Mariano el cari\u00f1o por su tierra y su gente en la cu\u00e1l el expresaba en sus composiciones durante sus 30 a\u00f1os dedicado a la creaci\u00f3n, investigaci\u00f3n y composici\u00f3n de la m\u00fasica popular y adem\u00e1s se destacaba siempre por la ayuda social y cooperaci\u00f3n en destacadas actividades culturales y folcl\u00f3ricas en las comunas vecinas de Yungay y Tucapel. En la ocasi\u00f3n el alcalde hizo entrega de un obsequio a su viuda, Elizabeth Mesa y a sus padres Mariano Paredes y Margarita Barriga. Continuando con la ceremonia se realizo el tradicional corte de cinta acompa\u00f1ado por los concejales para finalizar con el recorrido por los stands y compartir con todos los presente unas ricas tortillas de rescoldo acompa\u00f1ados por el tradicional chancho en piedra.<\/span><\/span><\/p>\n<p><a href=\"http:\/\/www.facebook.com\/media\/set\/?set=a.374937509187961.108278.159561284058919&amp;type=1\"><span style=\"font-family: arial,helvetica,sans-serif;\"><span style=\"font-size: small;\">Fotograf\u00edas<\/span><\/span><\/a><\/p>\n<p><a href=\"http:\/\/www.yungayino.cl\/noticias\/?p=7187#comments\"><span style=\"font-family: arial,helvetica,sans-serif;\"><span style=\"font-size: small;\">Comente Aqu\u00ed<\/span><\/span><\/a><\/p>\n","protected":false},"excerpt":{"rendered":"<p>Pemuco, la Ilustre Municipalidad inauguro la 4\u00aa Feria Costumbrista rindi\u00e9ndole tributo al fallecido Cantor Popular\u00a0 \u201cMariano Cheo Paredes\u201d, es por eso que a partir de ahora y por decreto alcaldicio la feria llevara su&#46;&#46;&#46;<\/p>\n","protected":false},"author":2,"featured_media":15849,"comment_status":"open","ping_status":"open","sticky":false,"template":"","format":"standard","meta":{"footnotes":""},"categories":[1],"tags":[],"class_list":["post-7187","post","type-post","status-publish","format-standard","has-post-thumbnail","hentry","category-noticias"],"_links":{"self":[{"href":"https:\/\/www.yungayino.cl\/noticias\/index.php?rest_route=\/wp\/v2\/posts\/7187","targetHints":{"allow":["GET"]}}],"collection":[{"href":"https:\/\/www.yungayino.cl\/noticias\/index.php?rest_route=\/wp\/v2\/posts"}],"about":[{"href":"https:\/\/www.yungayino.cl\/noticias\/index.php?rest_route=\/wp\/v2\/types\/post"}],"author":[{"embeddable":true,"href":"https:\/\/www.yungayino.cl\/noticias\/index.php?rest_route=\/wp\/v2\/users\/2"}],"replies":[{"embeddable":true,"href":"https:\/\/www.yungayino.cl\/noticias\/index.php?rest_route=%2Fwp%2Fv2%2Fcomments&post=7187"}],"version-history":[{"count":4,"href":"https:\/\/www.yungayino.cl\/noticias\/index.php?rest_route=\/wp\/v2\/posts\/7187\/revisions"}],"predecessor-version":[{"id":7198,"href":"https:\/\/www.yungayino.cl\/noticias\/index.php?rest_route=\/wp\/v2\/posts\/7187\/revisions\/7198"}],"wp:featuredmedia":[{"embeddable":true,"href":"https:\/\/www.yungayino.cl\/noticias\/index.php?rest_route=\/wp\/v2\/media\/15849"}],"wp:attachment":[{"href":"https:\/\/www.yungayino.cl\/noticias\/index.php?rest_route=%2Fwp%2Fv2%2Fmedia&parent=7187"}],"wp:term":[{"taxonomy":"category","embeddable":true,"href":"https:\/\/www.yungayino.cl\/noticias\/index.php?rest_route=%2Fwp%2Fv2%2Fcategories&post=7187"},{"taxonomy":"post_tag","embeddable":true,"href":"https:\/\/www.yungayino.cl\/noticias\/index.php?rest_route=%2Fwp%2Fv2%2Ftags&post=7187"}],"curies":[{"name":"wp","href":"https:\/\/api.w.org\/{rel}","templated":true}]}}