{"id":7202,"date":"2012-02-03T16:00:57","date_gmt":"2012-02-03T20:00:57","guid":{"rendered":"http:\/\/www.yungayino.cl\/noticias\/?p=7202"},"modified":"2012-02-04T16:10:14","modified_gmt":"2012-02-04T20:10:14","slug":"tercera-noche-de-la-feria-costumbrista-yungay-2012","status":"publish","type":"post","link":"https:\/\/www.yungayino.cl\/noticias\/?p=7202","title":{"rendered":"Tercera Noche de la  Feria Costumbrista Yungay 2012"},"content":{"rendered":"<p><img loading=\"lazy\" decoding=\"async\" src=\"http:\/\/www.yungayino.cl\/imagenes\/feria20120203.jpg\" alt=\"YUNGAYINO.CL - El Portal de Yungay\" width=\"500\" height=\"200\" \/><\/p>\n<p><span style=\"font-family: arial,helvetica,sans-serif;\"><span style=\"font-size: small;\">Jueves, 02 de febrero se llev\u00f3 a cabo una nueva jornada de la Feria Costumbrista Yungay 2012 donde el p\u00fablico presente pudo disfrutar de la presentaci\u00f3n del Grupo Adulto Mayor \u201cDespertando a la Vida\u201d, quienes mostraron un n\u00famero musical e hicieron de las suyas mostrando todo lo aprendido en los talleres de gimnasia y danza que les ha ense\u00f1ado la monitora Jaqueline Segura, luego fue el turno del Grupo Yungayino \u201cAmor Joven\u201d, para continuar con el romanticismo del Grupo Nacional \u201cLos Romanceros\u201d y finalmente se presento \u201cMama-Rachos\u201d, quienes hicieron corear y bailar su m\u00fasica al p\u00fablico presente.<\/span><\/span><\/p>\n<p><a href=\"http:\/\/www.facebook.com\/media\/set\/?set=a.376493425699036.108513.159561284058919&amp;type=3\"><span style=\"font-family: arial,helvetica,sans-serif;\"><span style=\"font-size: small;\">Fotograf\u00edas<\/span><\/span><\/a><\/p>\n","protected":false},"excerpt":{"rendered":"<p>Jueves, 02 de febrero se llev\u00f3 a cabo una nueva jornada de la Feria Costumbrista Yungay 2012 donde el p\u00fablico presente pudo disfrutar de la presentaci\u00f3n del Grupo Adulto Mayor \u201cDespertando a la Vida\u201d,&#46;&#46;&#46;<\/p>\n","protected":false},"author":2,"featured_media":15852,"comment_status":"open","ping_status":"open","sticky":false,"template":"","format":"standard","meta":{"footnotes":""},"categories":[1],"tags":[24,1115,8,6],"class_list":["post-7202","post","type-post","status-publish","format-standard","has-post-thumbnail","hentry","category-noticias","tag-feria-costumbrista","tag-noticias","tag-yungay","tag-yungayino"],"_links":{"self":[{"href":"https:\/\/www.yungayino.cl\/noticias\/index.php?rest_route=\/wp\/v2\/posts\/7202","targetHints":{"allow":["GET"]}}],"collection":[{"href":"https:\/\/www.yungayino.cl\/noticias\/index.php?rest_route=\/wp\/v2\/posts"}],"about":[{"href":"https:\/\/www.yungayino.cl\/noticias\/index.php?rest_route=\/wp\/v2\/types\/post"}],"author":[{"embeddable":true,"href":"https:\/\/www.yungayino.cl\/noticias\/index.php?rest_route=\/wp\/v2\/users\/2"}],"replies":[{"embeddable":true,"href":"https:\/\/www.yungayino.cl\/noticias\/index.php?rest_route=%2Fwp%2Fv2%2Fcomments&post=7202"}],"version-history":[{"count":3,"href":"https:\/\/www.yungayino.cl\/noticias\/index.php?rest_route=\/wp\/v2\/posts\/7202\/revisions"}],"predecessor-version":[{"id":7205,"href":"https:\/\/www.yungayino.cl\/noticias\/index.php?rest_route=\/wp\/v2\/posts\/7202\/revisions\/7205"}],"wp:featuredmedia":[{"embeddable":true,"href":"https:\/\/www.yungayino.cl\/noticias\/index.php?rest_route=\/wp\/v2\/media\/15852"}],"wp:attachment":[{"href":"https:\/\/www.yungayino.cl\/noticias\/index.php?rest_route=%2Fwp%2Fv2%2Fmedia&parent=7202"}],"wp:term":[{"taxonomy":"category","embeddable":true,"href":"https:\/\/www.yungayino.cl\/noticias\/index.php?rest_route=%2Fwp%2Fv2%2Fcategories&post=7202"},{"taxonomy":"post_tag","embeddable":true,"href":"https:\/\/www.yungayino.cl\/noticias\/index.php?rest_route=%2Fwp%2Fv2%2Ftags&post=7202"}],"curies":[{"name":"wp","href":"https:\/\/api.w.org\/{rel}","templated":true}]}}