{"id":7210,"date":"2012-02-05T01:00:38","date_gmt":"2012-02-05T05:00:38","guid":{"rendered":"http:\/\/www.yungayino.cl\/noticias\/?p=7210"},"modified":"2012-02-05T01:24:44","modified_gmt":"2012-02-05T05:24:44","slug":"danzares-latinoamericanos-y-humor-marcaron-la-5%c2%aa-noche-de-la-feria-costumbrista-yungay-2012","status":"publish","type":"post","link":"https:\/\/www.yungayino.cl\/noticias\/?p=7210","title":{"rendered":"Danzares Latinoamericanos y Humor Marcaron la 5\u00aa Noche de la Feria Costumbrista  Yungay 2012"},"content":{"rendered":"<p><img loading=\"lazy\" decoding=\"async\" src=\"http:\/\/www.yungayino.cl\/imagenes\/feria20120205.jpg\" alt=\"YUNGAYINO.CL - El Portal de Yungay\" width=\"500\" height=\"200\" \/><\/p>\n<p><span style=\"font-family: arial,helvetica,sans-serif;\"><span style=\"font-size: small;\">Yungay, la quinta noche de feria costumbrista 2012 la inicio el Grupo\u00a0 Los Felinos de Yungay, quienes con su m\u00fasica ranchera hicieron bailar al numeroso p\u00fablico presente, adem\u00e1s en esta noche se hizo presente la humorista chilota Do\u00f1a Maiga qui\u00e9n con su humor llen\u00f3 de picard\u00eda y doble sentido conquisto e hizo re\u00edr al p\u00fablico. Finalmente cabe destacar la presentaci\u00f3n del Conjunto Folcl\u00f3rico Danzares Latinoamericanos, quienes realizaron una impecable presentaci\u00f3n destac\u00e1ndose por la variedad en su repertorio y sus coreograf\u00edas.<\/span><\/span><\/p>\n<p><a href=\"http:\/\/www.facebook.com\/media\/set\/?set=a.376794129002299.108560.159561284058919&amp;type=1\"><span style=\"font-family: arial,helvetica,sans-serif;\"><span style=\"font-size: small;\">Fotograf\u00edas<\/span><\/span><\/a><\/p>\n","protected":false},"excerpt":{"rendered":"<p>Yungay, la quinta noche de feria costumbrista 2012 la inicio el Grupo\u00a0 Los Felinos de Yungay, quienes con su m\u00fasica ranchera hicieron bailar al numeroso p\u00fablico presente, adem\u00e1s en esta noche se hizo presente&#46;&#46;&#46;<\/p>\n","protected":false},"author":2,"featured_media":15854,"comment_status":"open","ping_status":"open","sticky":false,"template":"","format":"standard","meta":{"footnotes":""},"categories":[1],"tags":[24,1115,8,6],"class_list":["post-7210","post","type-post","status-publish","format-standard","has-post-thumbnail","hentry","category-noticias","tag-feria-costumbrista","tag-noticias","tag-yungay","tag-yungayino"],"_links":{"self":[{"href":"https:\/\/www.yungayino.cl\/noticias\/index.php?rest_route=\/wp\/v2\/posts\/7210","targetHints":{"allow":["GET"]}}],"collection":[{"href":"https:\/\/www.yungayino.cl\/noticias\/index.php?rest_route=\/wp\/v2\/posts"}],"about":[{"href":"https:\/\/www.yungayino.cl\/noticias\/index.php?rest_route=\/wp\/v2\/types\/post"}],"author":[{"embeddable":true,"href":"https:\/\/www.yungayino.cl\/noticias\/index.php?rest_route=\/wp\/v2\/users\/2"}],"replies":[{"embeddable":true,"href":"https:\/\/www.yungayino.cl\/noticias\/index.php?rest_route=%2Fwp%2Fv2%2Fcomments&post=7210"}],"version-history":[{"count":4,"href":"https:\/\/www.yungayino.cl\/noticias\/index.php?rest_route=\/wp\/v2\/posts\/7210\/revisions"}],"predecessor-version":[{"id":7214,"href":"https:\/\/www.yungayino.cl\/noticias\/index.php?rest_route=\/wp\/v2\/posts\/7210\/revisions\/7214"}],"wp:featuredmedia":[{"embeddable":true,"href":"https:\/\/www.yungayino.cl\/noticias\/index.php?rest_route=\/wp\/v2\/media\/15854"}],"wp:attachment":[{"href":"https:\/\/www.yungayino.cl\/noticias\/index.php?rest_route=%2Fwp%2Fv2%2Fmedia&parent=7210"}],"wp:term":[{"taxonomy":"category","embeddable":true,"href":"https:\/\/www.yungayino.cl\/noticias\/index.php?rest_route=%2Fwp%2Fv2%2Fcategories&post=7210"},{"taxonomy":"post_tag","embeddable":true,"href":"https:\/\/www.yungayino.cl\/noticias\/index.php?rest_route=%2Fwp%2Fv2%2Ftags&post=7210"}],"curies":[{"name":"wp","href":"https:\/\/api.w.org\/{rel}","templated":true}]}}