{"id":7215,"date":"2012-02-06T22:00:59","date_gmt":"2012-02-07T02:00:59","guid":{"rendered":"http:\/\/www.yungayino.cl\/noticias\/?p=7215"},"modified":"2012-02-07T22:47:56","modified_gmt":"2012-02-08T02:47:56","slug":"yungayinos-disfrutaron-con-ultima-noche-de-la-decima-feria-costumbrista-yungay-2012","status":"publish","type":"post","link":"https:\/\/www.yungayino.cl\/noticias\/?p=7215","title":{"rendered":"Yungayinos Disfrutaron con \u00daltima Noche de la D\u00e9cima Feria Costumbrista Yungay 2012"},"content":{"rendered":"<p><img loading=\"lazy\" decoding=\"async\" src=\"http:\/\/www.yungayino.cl\/imagenes\/feria20120206.jpg\" alt=\"YUNGAYINO.CL - El Portal de Yungay\" width=\"500\" height=\"200\" \/><\/p>\n<p><span style=\"font-family: arial,helvetica,sans-serif;\"><span style=\"font-size: small;\">Yungay, con la presentaci\u00f3n del Grupo \u201c Sonora Palacios Jr\u201d se puso fin a la d\u00e9cima\u00a0 versi\u00f3n de la Feria Costumbrista Yungay 2012 y ante un p\u00fablico que pudo disfrutar de un excelente espect\u00e1culo que se dio inicio con la actuaci\u00f3n del grupo yungayino Cantares de Yungay y luego con Sol Naveillan. Cabe destacar que durante toda la semana los yungayinos y visitantes pudieron disfrutar de show al aire libre con la participaci\u00f3n de Conjuntos Folkl\u00f3ricos, Payadores, Talleres de Baile y Artistas Locales, adem\u00e1s de los stands que ofrec\u00edan sus variados productos. Finalmente recordar que esta Feria Costumbrista estuvo organizada por el Municipio con el compromiso de promover, desarrollar, proyectar y difundir la producci\u00f3n local, provincial, regional y nacional de nuestras manifestaciones culturales, econ\u00f3micas y sociales.<\/span><\/span><\/p>\n<p><a href=\"http:\/\/www.facebook.com\/pages\/Yungayinocl\/159561284058919?ref=ts#!\/media\/set\/?set=a.378143822200663.108813.159561284058919&amp;type=1\"><span style=\"font-family: arial,helvetica,sans-serif;\"><span style=\"font-size: small;\">Fotograf\u00edas<\/span><\/span><\/a><\/p>\n","protected":false},"excerpt":{"rendered":"<p>Yungay, con la presentaci\u00f3n del Grupo \u201c Sonora Palacios Jr\u201d se puso fin a la d\u00e9cima\u00a0 versi\u00f3n de la Feria Costumbrista Yungay 2012 y ante un p\u00fablico que pudo disfrutar de un excelente espect\u00e1culo&#46;&#46;&#46;<\/p>\n","protected":false},"author":2,"featured_media":15855,"comment_status":"open","ping_status":"open","sticky":false,"template":"","format":"standard","meta":{"footnotes":""},"categories":[1],"tags":[24,1115,8,6],"class_list":["post-7215","post","type-post","status-publish","format-standard","has-post-thumbnail","hentry","category-noticias","tag-feria-costumbrista","tag-noticias","tag-yungay","tag-yungayino"],"_links":{"self":[{"href":"https:\/\/www.yungayino.cl\/noticias\/index.php?rest_route=\/wp\/v2\/posts\/7215","targetHints":{"allow":["GET"]}}],"collection":[{"href":"https:\/\/www.yungayino.cl\/noticias\/index.php?rest_route=\/wp\/v2\/posts"}],"about":[{"href":"https:\/\/www.yungayino.cl\/noticias\/index.php?rest_route=\/wp\/v2\/types\/post"}],"author":[{"embeddable":true,"href":"https:\/\/www.yungayino.cl\/noticias\/index.php?rest_route=\/wp\/v2\/users\/2"}],"replies":[{"embeddable":true,"href":"https:\/\/www.yungayino.cl\/noticias\/index.php?rest_route=%2Fwp%2Fv2%2Fcomments&post=7215"}],"version-history":[{"count":2,"href":"https:\/\/www.yungayino.cl\/noticias\/index.php?rest_route=\/wp\/v2\/posts\/7215\/revisions"}],"predecessor-version":[{"id":7217,"href":"https:\/\/www.yungayino.cl\/noticias\/index.php?rest_route=\/wp\/v2\/posts\/7215\/revisions\/7217"}],"wp:featuredmedia":[{"embeddable":true,"href":"https:\/\/www.yungayino.cl\/noticias\/index.php?rest_route=\/wp\/v2\/media\/15855"}],"wp:attachment":[{"href":"https:\/\/www.yungayino.cl\/noticias\/index.php?rest_route=%2Fwp%2Fv2%2Fmedia&parent=7215"}],"wp:term":[{"taxonomy":"category","embeddable":true,"href":"https:\/\/www.yungayino.cl\/noticias\/index.php?rest_route=%2Fwp%2Fv2%2Fcategories&post=7215"},{"taxonomy":"post_tag","embeddable":true,"href":"https:\/\/www.yungayino.cl\/noticias\/index.php?rest_route=%2Fwp%2Fv2%2Ftags&post=7215"}],"curies":[{"name":"wp","href":"https:\/\/api.w.org\/{rel}","templated":true}]}}