{"id":7221,"date":"2012-02-09T16:00:29","date_gmt":"2012-02-09T20:00:29","guid":{"rendered":"http:\/\/www.yungayino.cl\/noticias\/?p=7221"},"modified":"2012-02-10T17:35:54","modified_gmt":"2012-02-10T21:35:54","slug":"en-yungay-se-realizo-actividad-para-promover-postulaciones-al-programa-mujer-trabajadora-jefa-de-hogar-2012","status":"publish","type":"post","link":"https:\/\/www.yungayino.cl\/noticias\/?p=7221","title":{"rendered":"En Yungay se Realizo Actividad Para Promover Postulaciones al Programa Mujer Trabajadora Jefa de Hogar 2012."},"content":{"rendered":"<p><img loading=\"lazy\" decoding=\"async\" src=\"http:\/\/www.yungayino.cl\/imagenes\/municipalidad20120209.jpg\" alt=\"YUNGAYINO.CL - El Portal de Yungay\" width=\"500\" height=\"200\" \/><\/p>\n<p><span style=\"font-family: arial,helvetica,sans-serif;\"><span style=\"font-size: small;\">Yungay, la\u00a0 Ilustre Municipalidad de Yungay y SERMAN en el marco del Programa Mujer Trabajadora y Jefa de Hogar, ejecuto una actividad masiva con los dirigentes y directivas de las Juntas de Vecinos y Comit\u00e9s de nuestra comuna, el d\u00eda mi\u00e9rcoles 08 de febrero del presente, a las 15:00 horas finalizando a las 16:00 horas, en el Infocentro de nuestro municipio. Cont\u00f3 con la\u00a0 asistencia de 31 dirigentes, se llev\u00f3 a cabo la convocatoria que consisti\u00f3 principalmente en el proceso de difusi\u00f3n del programa y la promoci\u00f3n para la Postulaci\u00f3n a\u00f1o 2012. Se dio a conocer los requisitos de postulaci\u00f3n y los beneficios gratuitos que les facilitan a las usuarias pertenecientes al programa. Para finalizar, se realiz\u00f3 lectura \u201cEl \u00e1rbol de los Problemas\u201d los participantes expusieron sus inquietudes e ideas bajo un clima agradable compartiendo un coffee preparado para ellos.<\/span><\/span><\/p>\n<p><a href=\"http:\/\/www.facebook.com\/media\/set\/?set=a.381393505209028.109312.159561284058919&amp;type=1\"><span style=\"font-family: arial,helvetica,sans-serif;\"><span style=\"font-size: small;\">Fotograf\u00edas<\/span><\/span><\/a><\/p>\n","protected":false},"excerpt":{"rendered":"<p>Yungay, la\u00a0 Ilustre Municipalidad de Yungay y SERMAN en el marco del Programa Mujer Trabajadora y Jefa de Hogar, ejecuto una actividad masiva con los dirigentes y directivas de las Juntas de Vecinos y&#46;&#46;&#46;<\/p>\n","protected":false},"author":2,"featured_media":15856,"comment_status":"open","ping_status":"open","sticky":false,"template":"","format":"standard","meta":{"footnotes":""},"categories":[1],"tags":[1115,8,6],"class_list":["post-7221","post","type-post","status-publish","format-standard","has-post-thumbnail","hentry","category-noticias","tag-noticias","tag-yungay","tag-yungayino"],"_links":{"self":[{"href":"https:\/\/www.yungayino.cl\/noticias\/index.php?rest_route=\/wp\/v2\/posts\/7221","targetHints":{"allow":["GET"]}}],"collection":[{"href":"https:\/\/www.yungayino.cl\/noticias\/index.php?rest_route=\/wp\/v2\/posts"}],"about":[{"href":"https:\/\/www.yungayino.cl\/noticias\/index.php?rest_route=\/wp\/v2\/types\/post"}],"author":[{"embeddable":true,"href":"https:\/\/www.yungayino.cl\/noticias\/index.php?rest_route=\/wp\/v2\/users\/2"}],"replies":[{"embeddable":true,"href":"https:\/\/www.yungayino.cl\/noticias\/index.php?rest_route=%2Fwp%2Fv2%2Fcomments&post=7221"}],"version-history":[{"count":4,"href":"https:\/\/www.yungayino.cl\/noticias\/index.php?rest_route=\/wp\/v2\/posts\/7221\/revisions"}],"predecessor-version":[{"id":7225,"href":"https:\/\/www.yungayino.cl\/noticias\/index.php?rest_route=\/wp\/v2\/posts\/7221\/revisions\/7225"}],"wp:featuredmedia":[{"embeddable":true,"href":"https:\/\/www.yungayino.cl\/noticias\/index.php?rest_route=\/wp\/v2\/media\/15856"}],"wp:attachment":[{"href":"https:\/\/www.yungayino.cl\/noticias\/index.php?rest_route=%2Fwp%2Fv2%2Fmedia&parent=7221"}],"wp:term":[{"taxonomy":"category","embeddable":true,"href":"https:\/\/www.yungayino.cl\/noticias\/index.php?rest_route=%2Fwp%2Fv2%2Fcategories&post=7221"},{"taxonomy":"post_tag","embeddable":true,"href":"https:\/\/www.yungayino.cl\/noticias\/index.php?rest_route=%2Fwp%2Fv2%2Ftags&post=7221"}],"curies":[{"name":"wp","href":"https:\/\/api.w.org\/{rel}","templated":true}]}}