{"id":7226,"date":"2012-02-10T21:00:45","date_gmt":"2012-02-11T01:00:45","guid":{"rendered":"http:\/\/www.yungayino.cl\/noticias\/?p=7226"},"modified":"2012-02-12T21:49:02","modified_gmt":"2012-02-13T01:49:02","slug":"proyecto-minicentral-hidroelectrica-trilaleo-3-realizo-reunion-informativa-a-la-comunidad-en-yungay","status":"publish","type":"post","link":"https:\/\/www.yungayino.cl\/noticias\/?p=7226","title":{"rendered":"Proyecto Minicentral Hidroel\u00e9ctrica Trilaleo 3 Realiz\u00f3 Reuni\u00f3n Informativa a la Comunidad en Yungay"},"content":{"rendered":"<p><img loading=\"lazy\" decoding=\"async\" src=\"http:\/\/www.yungayino.cl\/imagenes\/centraltrilaleo2012.jpg\" alt=\"YUNGAYINO.CL - El Portal de Yungay\" width=\"500\" height=\"200\" \/><\/p>\n<p><span style=\"font-family: arial,helvetica,sans-serif;\"><span style=\"font-size: small;\">Yungay, en el Hotel Francia la Empresa VHC INGENIERIA EIRL, representada por V\u00edctor Castro Quitral, Gerente General del Proyecto Minicentral Hidroel\u00e9ctrica Trilaleo 3, se realiz\u00f3 una presentaci\u00f3n informativa a la comunidad con el fin de dar a conocer los alcances ambientales y una descripci\u00f3n de las obras que considera los proyectos de Minicentrales Hidroel\u00e9ctricas que se ejecutaran en el r\u00edo Trilaleo. Este proyecto que contempla generaci\u00f3n de electricidad a partir de Energ\u00eda Renovable No Convencional (ERNC), seg\u00fan lo estipula la ley N 19.940 y que requerir\u00e1 una inversi\u00f3n aproximada de US$ 7 millones, valor que incluye terrenos, infraestructura, equipos, activos tecnol\u00f3gicos y capital de trabajo. El complejo tendr\u00e1 una potencia peak de generaci\u00f3n el\u00e9ctrica de 2,24 MW y una generaci\u00f3n de alrededor de 8,4 GWh al a\u00f1o, haciendo uso de derechos de agua no consuntivos con un caudal m\u00e1ximo de 3 metros c\u00fabicos por segundo en el sector denominado \u201cLa Invernada\u201d, al este de la ciudad de Yungay. Finalmente los presentes realizaron todo tipo de consultas e inquietudes sobre este proyecto las cuales fueron respondidas por los representantes de la Empresa VHC INGENIERIA EIRL.<\/span><\/span><\/p>\n<p><a href=\"http:\/\/www.facebook.com\/media\/set\/?set=a.383195168362195.109599.159561284058919&amp;type=1\"><span style=\"font-family: arial,helvetica,sans-serif;\"><span style=\"font-size: small;\">Fotograf\u00edas<\/span><\/span><\/a><\/p>\n","protected":false},"excerpt":{"rendered":"<p>Yungay, en el Hotel Francia la Empresa VHC INGENIERIA EIRL, representada por V\u00edctor Castro Quitral, Gerente General del Proyecto Minicentral Hidroel\u00e9ctrica Trilaleo 3, se realiz\u00f3 una presentaci\u00f3n informativa a la comunidad con el fin&#46;&#46;&#46;<\/p>\n","protected":false},"author":2,"featured_media":15857,"comment_status":"open","ping_status":"open","sticky":false,"template":"","format":"standard","meta":{"footnotes":""},"categories":[1],"tags":[458,1115,8,6],"class_list":["post-7226","post","type-post","status-publish","format-standard","has-post-thumbnail","hentry","category-noticias","tag-central-trilaleo","tag-noticias","tag-yungay","tag-yungayino"],"_links":{"self":[{"href":"https:\/\/www.yungayino.cl\/noticias\/index.php?rest_route=\/wp\/v2\/posts\/7226","targetHints":{"allow":["GET"]}}],"collection":[{"href":"https:\/\/www.yungayino.cl\/noticias\/index.php?rest_route=\/wp\/v2\/posts"}],"about":[{"href":"https:\/\/www.yungayino.cl\/noticias\/index.php?rest_route=\/wp\/v2\/types\/post"}],"author":[{"embeddable":true,"href":"https:\/\/www.yungayino.cl\/noticias\/index.php?rest_route=\/wp\/v2\/users\/2"}],"replies":[{"embeddable":true,"href":"https:\/\/www.yungayino.cl\/noticias\/index.php?rest_route=%2Fwp%2Fv2%2Fcomments&post=7226"}],"version-history":[{"count":3,"href":"https:\/\/www.yungayino.cl\/noticias\/index.php?rest_route=\/wp\/v2\/posts\/7226\/revisions"}],"predecessor-version":[{"id":7229,"href":"https:\/\/www.yungayino.cl\/noticias\/index.php?rest_route=\/wp\/v2\/posts\/7226\/revisions\/7229"}],"wp:featuredmedia":[{"embeddable":true,"href":"https:\/\/www.yungayino.cl\/noticias\/index.php?rest_route=\/wp\/v2\/media\/15857"}],"wp:attachment":[{"href":"https:\/\/www.yungayino.cl\/noticias\/index.php?rest_route=%2Fwp%2Fv2%2Fmedia&parent=7226"}],"wp:term":[{"taxonomy":"category","embeddable":true,"href":"https:\/\/www.yungayino.cl\/noticias\/index.php?rest_route=%2Fwp%2Fv2%2Fcategories&post=7226"},{"taxonomy":"post_tag","embeddable":true,"href":"https:\/\/www.yungayino.cl\/noticias\/index.php?rest_route=%2Fwp%2Fv2%2Ftags&post=7226"}],"curies":[{"name":"wp","href":"https:\/\/api.w.org\/{rel}","templated":true}]}}