{"id":7237,"date":"2012-02-14T15:00:53","date_gmt":"2012-02-14T19:00:53","guid":{"rendered":"http:\/\/www.yungayino.cl\/noticias\/?p=7237"},"modified":"2012-02-14T21:48:15","modified_gmt":"2012-02-15T01:48:15","slug":"comuna-de-pemuco-inicio-semana-pemucana-2012-con-gran-actuacion-del-grupo-los-vasquez","status":"publish","type":"post","link":"https:\/\/www.yungayino.cl\/noticias\/?p=7237","title":{"rendered":"Comuna de Pemuco Inicio Semana Pemucana 2012 con Gran Actuaci\u00f3n del Grupo Los V\u00e1squez"},"content":{"rendered":"<p><img loading=\"lazy\" decoding=\"async\" src=\"http:\/\/www.yungayino.cl\/imagenes\/losvasquezpemuco.jpg\" alt=\"YUNGAYINO.CL - El Portal de Yungay\" width=\"500\" height=\"200\" \/><\/p>\n<p><span style=\"font-family: arial,helvetica,sans-serif;\"><span style=\"font-size: small;\">Pemuco 13 de Febrero, a estadio lleno miles de pemucanos y visitantes disfrutaron de la primera noche de la Semana Pemucana\u00a0 2012 organizada por la Municipalidad, donde se inicio con la presentaci\u00f3n de \u201cEl Mariachi\u201d, luego se presento el doble de Antonio R\u00edos, Los Guatones Leales y el doble Ricardo Arjona. Finalmente la noche la cerr\u00f3 el d\u00fao Pop Cebolla Los V\u00e1squez, quienes hicieron bailar, saltar y cantar a los miles de asistentes que repletaron el recinto deportivo. Quienes fueron ovacionados en todo momento por el p\u00fablico presente, adem\u00e1s el alcalde Julio Mu\u00f1oz hizo entrega de un reconocimiento por su actuaci\u00f3n en esta fiesta tradicional de la comuna Pemucana. Finalmente al t\u00e9rmino del show los hermanos Italo y Enzo V\u00e1squez posaron para las c\u00e1maras del Portal Yungayino.cl, quienes sacaron las respectivas fotos para sus fans y seguidores.<\/span><\/span><\/p>\n<p><span style=\"font-family: arial,helvetica,sans-serif;\"><span style=\"font-size: small;\"> <\/span><\/span><\/p>\n<p><a href=\"http:\/\/www.facebook.com\/media\/set\/?set=a.384841488197563.109856.159561284058919&amp;type=1\"><span style=\"font-family: arial,helvetica,sans-serif;\"><span style=\"font-size: small;\">Fotograf\u00edas<\/span><\/span><\/a><\/p>\n","protected":false},"excerpt":{"rendered":"<p>Pemuco 13 de Febrero, a estadio lleno miles de pemucanos y visitantes disfrutaron de la primera noche de la Semana Pemucana\u00a0 2012 organizada por la Municipalidad, donde se inicio con la presentaci\u00f3n de \u201cEl&#46;&#46;&#46;<\/p>\n","protected":false},"author":2,"featured_media":15859,"comment_status":"open","ping_status":"open","sticky":false,"template":"","format":"standard","meta":{"footnotes":""},"categories":[1],"tags":[309,1115,30,171,6],"class_list":["post-7237","post","type-post","status-publish","format-standard","has-post-thumbnail","hentry","category-noticias","tag-los-vasquez","tag-noticias","tag-pemuco","tag-semana-pemucana","tag-yungayino"],"_links":{"self":[{"href":"https:\/\/www.yungayino.cl\/noticias\/index.php?rest_route=\/wp\/v2\/posts\/7237","targetHints":{"allow":["GET"]}}],"collection":[{"href":"https:\/\/www.yungayino.cl\/noticias\/index.php?rest_route=\/wp\/v2\/posts"}],"about":[{"href":"https:\/\/www.yungayino.cl\/noticias\/index.php?rest_route=\/wp\/v2\/types\/post"}],"author":[{"embeddable":true,"href":"https:\/\/www.yungayino.cl\/noticias\/index.php?rest_route=\/wp\/v2\/users\/2"}],"replies":[{"embeddable":true,"href":"https:\/\/www.yungayino.cl\/noticias\/index.php?rest_route=%2Fwp%2Fv2%2Fcomments&post=7237"}],"version-history":[{"count":4,"href":"https:\/\/www.yungayino.cl\/noticias\/index.php?rest_route=\/wp\/v2\/posts\/7237\/revisions"}],"predecessor-version":[{"id":7241,"href":"https:\/\/www.yungayino.cl\/noticias\/index.php?rest_route=\/wp\/v2\/posts\/7237\/revisions\/7241"}],"wp:featuredmedia":[{"embeddable":true,"href":"https:\/\/www.yungayino.cl\/noticias\/index.php?rest_route=\/wp\/v2\/media\/15859"}],"wp:attachment":[{"href":"https:\/\/www.yungayino.cl\/noticias\/index.php?rest_route=%2Fwp%2Fv2%2Fmedia&parent=7237"}],"wp:term":[{"taxonomy":"category","embeddable":true,"href":"https:\/\/www.yungayino.cl\/noticias\/index.php?rest_route=%2Fwp%2Fv2%2Fcategories&post=7237"},{"taxonomy":"post_tag","embeddable":true,"href":"https:\/\/www.yungayino.cl\/noticias\/index.php?rest_route=%2Fwp%2Fv2%2Ftags&post=7237"}],"curies":[{"name":"wp","href":"https:\/\/api.w.org\/{rel}","templated":true}]}}