{"id":7252,"date":"2012-02-17T08:00:44","date_gmt":"2012-02-17T12:00:44","guid":{"rendered":"http:\/\/www.yungayino.cl\/noticias\/?p=7252"},"modified":"2012-02-16T22:24:42","modified_gmt":"2012-02-17T02:24:42","slug":"portal-yungayino-cl-realiza-importante-alianza-informativa-con-medios-ciudadano-cl","status":"publish","type":"post","link":"https:\/\/www.yungayino.cl\/noticias\/?p=7252","title":{"rendered":"Portal Yungayino.cl Realiza Importante Alianza Informativa con Medios Ciudadano.cl"},"content":{"rendered":"<p><img loading=\"lazy\" decoding=\"async\" src=\"http:\/\/www.yungayino.cl\/imagenes\/mediosciudadanos.jpg\" alt=\"YUNGAYINO.CL - El Portal de Yungay\" width=\"500\" height=\"200\" \/><\/p>\n<p><span style=\"font-family: arial,helvetica,sans-serif;\"><span style=\"font-size: small;\">Yungay, una nueva e importante alianza informativa realiza el Portal Yungayino.cl con el Portal Medios Ciudadanos. cl , el cu\u00e1l cuenta con alianza informativa con medios ciudadanos de todo el pa\u00eds y que nos permitir\u00e1 aumentar la cobertura informativa y difusi\u00f3n de noticias y eventos relevantes de nuestra comuna y sus alrededores, tambi\u00e9n ser\u00e1 una ayuda para las instituciones en la difusi\u00f3n de actividades de beneficio social, cultural y deportivo. Finalmente mencionar que en estos tres a\u00f1os hemos logrado unirnos como alianza informativa a dos grandes Medios de Comunicaci\u00f3n de la Regi\u00f3n como son Canal 9 Regional y Radio Bio-Bio y en el ambiente local con Canal de Televisi\u00f3n VTV, Radio La Voz de Yungay y Constelaci\u00f3n. <\/span><\/span><\/p>\n<p><span style=\"font-family: arial,helvetica,sans-serif;\"><span style=\"font-size: small;\"><a href=\"http:\/\/www.mediosciudadanos.cl\/\">M\u00e1s Informaci\u00f3n<\/a><br \/>\n<\/span><\/span><\/p>\n","protected":false},"excerpt":{"rendered":"<p>Yungay, una nueva e importante alianza informativa realiza el Portal Yungayino.cl con el Portal Medios Ciudadanos. cl , el cu\u00e1l cuenta con alianza informativa con medios ciudadanos de todo el pa\u00eds y que nos&#46;&#46;&#46;<\/p>\n","protected":false},"author":2,"featured_media":15861,"comment_status":"open","ping_status":"open","sticky":false,"template":"","format":"standard","meta":{"footnotes":""},"categories":[1],"tags":[461,1115,8,6],"class_list":["post-7252","post","type-post","status-publish","format-standard","has-post-thumbnail","hentry","category-noticias","tag-medios-ciudadanos","tag-noticias","tag-yungay","tag-yungayino"],"_links":{"self":[{"href":"https:\/\/www.yungayino.cl\/noticias\/index.php?rest_route=\/wp\/v2\/posts\/7252","targetHints":{"allow":["GET"]}}],"collection":[{"href":"https:\/\/www.yungayino.cl\/noticias\/index.php?rest_route=\/wp\/v2\/posts"}],"about":[{"href":"https:\/\/www.yungayino.cl\/noticias\/index.php?rest_route=\/wp\/v2\/types\/post"}],"author":[{"embeddable":true,"href":"https:\/\/www.yungayino.cl\/noticias\/index.php?rest_route=\/wp\/v2\/users\/2"}],"replies":[{"embeddable":true,"href":"https:\/\/www.yungayino.cl\/noticias\/index.php?rest_route=%2Fwp%2Fv2%2Fcomments&post=7252"}],"version-history":[{"count":5,"href":"https:\/\/www.yungayino.cl\/noticias\/index.php?rest_route=\/wp\/v2\/posts\/7252\/revisions"}],"predecessor-version":[{"id":7253,"href":"https:\/\/www.yungayino.cl\/noticias\/index.php?rest_route=\/wp\/v2\/posts\/7252\/revisions\/7253"}],"wp:featuredmedia":[{"embeddable":true,"href":"https:\/\/www.yungayino.cl\/noticias\/index.php?rest_route=\/wp\/v2\/media\/15861"}],"wp:attachment":[{"href":"https:\/\/www.yungayino.cl\/noticias\/index.php?rest_route=%2Fwp%2Fv2%2Fmedia&parent=7252"}],"wp:term":[{"taxonomy":"category","embeddable":true,"href":"https:\/\/www.yungayino.cl\/noticias\/index.php?rest_route=%2Fwp%2Fv2%2Fcategories&post=7252"},{"taxonomy":"post_tag","embeddable":true,"href":"https:\/\/www.yungayino.cl\/noticias\/index.php?rest_route=%2Fwp%2Fv2%2Ftags&post=7252"}],"curies":[{"name":"wp","href":"https:\/\/api.w.org\/{rel}","templated":true}]}}