{"id":7258,"date":"2012-02-18T10:00:05","date_gmt":"2012-02-18T14:00:05","guid":{"rendered":"http:\/\/www.yungayino.cl\/noticias\/?p=7258"},"modified":"2012-02-18T14:51:25","modified_gmt":"2012-02-18T18:51:25","slug":"actividades-semana-campanarina-2012-finalizaron-con-gran-participacion","status":"publish","type":"post","link":"https:\/\/www.yungayino.cl\/noticias\/?p=7258","title":{"rendered":"Actividades Semana Campanarina 2012 Finalizaron con Gran Participaci\u00f3n"},"content":{"rendered":"<p><img loading=\"lazy\" decoding=\"async\" src=\"http:\/\/www.yungayino.cl\/imagenes\/campanario20120217.jpg\" alt=\"YUNGAYINO.CL - El Portal de Yungay\" width=\"500\" height=\"200\" \/><\/p>\n<p><span style=\"font-family: arial,helvetica,sans-serif;\"><span style=\"font-size: small;\">Campanario, con gran participaci\u00f3n finalizaron las actividades de la Tradicional Semana Campanarina 2012 que se extendieron durante siete d\u00edas la semana pasada\u00a0 y donde la organizaci\u00f3n estuvo a cargo de la Tercera Compa\u00f1\u00eda de Bomberos de Campanario m\u00e1s el aporte de la Ilustre Municipalidad de Yungay y la colaboraci\u00f3n de todos los habitantes de esta localidad. En esta tradicional celebraci\u00f3n de verano todos los asistentes pudieron disfrutar de eventos que fueron pensados para que disfrutaran los ni\u00f1os, j\u00f3venes y los adultos. Cabe destacar los juegos infantiles, competencias juveniles, actividades deportivas, adem\u00e1s de la noche ranchera y tambi\u00e9n se realizaron dos fabulosas fiestas que hicieron bailar y disfrutar a todos los habitantes de Campanario y visitantes. (Fotograf\u00edas Gentileza de Mario Soto Ulloa)<\/span><\/span><\/p>\n<p><a href=\"http:\/\/www.facebook.com\/media\/set\/?set=a.387534874594891.110245.159561284058919&amp;type=1\"><span style=\"font-family: arial,helvetica,sans-serif;\"><span style=\"font-size: small;\">Fotograf\u00edas<\/span><\/span><\/a><\/p>\n","protected":false},"excerpt":{"rendered":"<p>Campanario, con gran participaci\u00f3n finalizaron las actividades de la Tradicional Semana Campanarina 2012 que se extendieron durante siete d\u00edas la semana pasada\u00a0 y donde la organizaci\u00f3n estuvo a cargo de la Tercera Compa\u00f1\u00eda de&#46;&#46;&#46;<\/p>\n","protected":false},"author":2,"featured_media":15862,"comment_status":"open","ping_status":"open","sticky":false,"template":"","format":"standard","meta":{"footnotes":""},"categories":[1],"tags":[31,1115,462,8,6],"class_list":["post-7258","post","type-post","status-publish","format-standard","has-post-thumbnail","hentry","category-noticias","tag-campanario","tag-noticias","tag-semana-campanarina-2012","tag-yungay","tag-yungayino"],"_links":{"self":[{"href":"https:\/\/www.yungayino.cl\/noticias\/index.php?rest_route=\/wp\/v2\/posts\/7258","targetHints":{"allow":["GET"]}}],"collection":[{"href":"https:\/\/www.yungayino.cl\/noticias\/index.php?rest_route=\/wp\/v2\/posts"}],"about":[{"href":"https:\/\/www.yungayino.cl\/noticias\/index.php?rest_route=\/wp\/v2\/types\/post"}],"author":[{"embeddable":true,"href":"https:\/\/www.yungayino.cl\/noticias\/index.php?rest_route=\/wp\/v2\/users\/2"}],"replies":[{"embeddable":true,"href":"https:\/\/www.yungayino.cl\/noticias\/index.php?rest_route=%2Fwp%2Fv2%2Fcomments&post=7258"}],"version-history":[{"count":3,"href":"https:\/\/www.yungayino.cl\/noticias\/index.php?rest_route=\/wp\/v2\/posts\/7258\/revisions"}],"predecessor-version":[{"id":7261,"href":"https:\/\/www.yungayino.cl\/noticias\/index.php?rest_route=\/wp\/v2\/posts\/7258\/revisions\/7261"}],"wp:featuredmedia":[{"embeddable":true,"href":"https:\/\/www.yungayino.cl\/noticias\/index.php?rest_route=\/wp\/v2\/media\/15862"}],"wp:attachment":[{"href":"https:\/\/www.yungayino.cl\/noticias\/index.php?rest_route=%2Fwp%2Fv2%2Fmedia&parent=7258"}],"wp:term":[{"taxonomy":"category","embeddable":true,"href":"https:\/\/www.yungayino.cl\/noticias\/index.php?rest_route=%2Fwp%2Fv2%2Fcategories&post=7258"},{"taxonomy":"post_tag","embeddable":true,"href":"https:\/\/www.yungayino.cl\/noticias\/index.php?rest_route=%2Fwp%2Fv2%2Ftags&post=7258"}],"curies":[{"name":"wp","href":"https:\/\/api.w.org\/{rel}","templated":true}]}}