{"id":730,"date":"2009-03-23T20:00:25","date_gmt":"2009-03-24T00:00:25","guid":{"rendered":"http:\/\/www.yungayino.cl\/noticias\/?p=730"},"modified":"2009-03-23T21:48:28","modified_gmt":"2009-03-24T01:48:28","slug":"colo-colo-de-huepil-campeon-de-la-copa-cordillera","status":"publish","type":"post","link":"https:\/\/www.yungayino.cl\/noticias\/?p=730","title":{"rendered":"Colo &#8211; Colo de Huepil Campe\u00f3n de la Copa Cordillera"},"content":{"rendered":"<p><img decoding=\"async\" src=\"http:\/\/www.yungayino.cl\/imagenes\/colocolohuepil.jpg\" alt=\"Colo - Colo de Huepil, Campe\u00f3n Copa Cordillera\" \/><\/p>\n<p align=\"justify\"><font size=\"2\">22 de Marzo, Colo-Colo de Huepil se coron\u00f3 campe\u00f3n  de la Copa Cordillera donde participaron equipos de las comunas cordilleranas de \u00d1uble y Bio &#8211; Bio. El Club Colo &#8211; Colo de Huepil tras un disputado partido venci\u00f3 en la final al elenco local Grado Vocacional quien no pudo vencer la buena defensa del equipo visitante, el encuentro se disput\u00f3 en el estadio Municipal de Yungay ante unas 1500 personas aproximadamente donde la barra visitante se destaco por sus constantes cantos y gritos de apoyo al equipo campe\u00f3n. En el primer tiempo se fueron al descanso con triunfo para Colo &#8211; Colo por 1 a 0, en el segundo tiempo Grado Vocacional logro el empate por lo que se tuvo que definir a penales donde Colo &#8211; Colo no fallo y se quedo con la Copa Cordillera. En el partido preliminar por el tercer lugar el Deportivo Quilleco venci\u00f3 a La Colonia de Huepil.<br \/>\n<a href=\"http:\/\/www.flickr.com\/photos\/35608477@N04\/tags\/copacordillera2009\/\">Fotograf\u00edas<\/a><br \/>\n<a href=\"http:\/\/www.yungayino.cl\/imagenes\/copacordillera.doc\">Detalle<\/a><br \/>\n<\/font><\/p>\n","protected":false},"excerpt":{"rendered":"<p>22 de Marzo, Colo-Colo de Huepil se coron\u00f3 campe\u00f3n de la Copa Cordillera donde participaron equipos de las comunas cordilleranas de \u00d1uble y Bio &#8211; Bio. El Club Colo &#8211; Colo de Huepil tras&#46;&#46;&#46;<\/p>\n","protected":false},"author":2,"featured_media":14952,"comment_status":"open","ping_status":"open","sticky":false,"template":"","format":"standard","meta":{"footnotes":""},"categories":[17],"tags":[1120,8,6],"class_list":["post-730","post","type-post","status-publish","format-standard","has-post-thumbnail","hentry","category-deporte","tag-deporte","tag-yungay","tag-yungayino"],"_links":{"self":[{"href":"https:\/\/www.yungayino.cl\/noticias\/index.php?rest_route=\/wp\/v2\/posts\/730","targetHints":{"allow":["GET"]}}],"collection":[{"href":"https:\/\/www.yungayino.cl\/noticias\/index.php?rest_route=\/wp\/v2\/posts"}],"about":[{"href":"https:\/\/www.yungayino.cl\/noticias\/index.php?rest_route=\/wp\/v2\/types\/post"}],"author":[{"embeddable":true,"href":"https:\/\/www.yungayino.cl\/noticias\/index.php?rest_route=\/wp\/v2\/users\/2"}],"replies":[{"embeddable":true,"href":"https:\/\/www.yungayino.cl\/noticias\/index.php?rest_route=%2Fwp%2Fv2%2Fcomments&post=730"}],"version-history":[{"count":6,"href":"https:\/\/www.yungayino.cl\/noticias\/index.php?rest_route=\/wp\/v2\/posts\/730\/revisions"}],"predecessor-version":[{"id":736,"href":"https:\/\/www.yungayino.cl\/noticias\/index.php?rest_route=\/wp\/v2\/posts\/730\/revisions\/736"}],"wp:featuredmedia":[{"embeddable":true,"href":"https:\/\/www.yungayino.cl\/noticias\/index.php?rest_route=\/wp\/v2\/media\/14952"}],"wp:attachment":[{"href":"https:\/\/www.yungayino.cl\/noticias\/index.php?rest_route=%2Fwp%2Fv2%2Fmedia&parent=730"}],"wp:term":[{"taxonomy":"category","embeddable":true,"href":"https:\/\/www.yungayino.cl\/noticias\/index.php?rest_route=%2Fwp%2Fv2%2Fcategories&post=730"},{"taxonomy":"post_tag","embeddable":true,"href":"https:\/\/www.yungayino.cl\/noticias\/index.php?rest_route=%2Fwp%2Fv2%2Ftags&post=730"}],"curies":[{"name":"wp","href":"https:\/\/api.w.org\/{rel}","templated":true}]}}