{"id":7324,"date":"2012-03-23T19:00:50","date_gmt":"2012-03-23T23:00:50","guid":{"rendered":"http:\/\/www.yungayino.cl\/noticias\/?p=7324"},"modified":"2012-03-25T19:45:16","modified_gmt":"2012-03-25T23:45:16","slug":"en-yungay-reinauguran-oficina-de-infocentro","status":"publish","type":"post","link":"https:\/\/www.yungayino.cl\/noticias\/?p=7324","title":{"rendered":"En Yungay Reinauguran Oficina de Infocentro"},"content":{"rendered":"<p><img decoding=\"async\" src=\"http:\/\/www.yungayino.cl\/imagenes\/infocentro.jpg\" alt=\"YUNGAYINO.CL - EL PORTAL DE YUNGAY\" \/><\/p>\n<p><span style=\"font-family: arial,helvetica,sans-serif;\"><span style=\"font-size: small;\">Yungay, se reinauguro una nueva oficina de Infocentro la cu\u00e1l esta ubicada frente a la Plaza Iquique en las dependencias del ex Liceo A-17, la cu\u00e1l se ejecuto gracias\u00a0a una alianza entre el INJUV y la Municipalidad yungayina, cuenta con computadores conectados a Internet, que otorgar\u00e1 acceso gratuito a la comunidad, y cuyo objetivo es profundizar en la alfabetizaci\u00f3n y capacitaci\u00f3n digital de los habitantes de nuestra comuna, poniendo \u00e9nfasis en los j\u00f3venes, tambi\u00e9n servir\u00e1 para poder sacar documentaci\u00f3n como certificados de nacimiento, escolaridad etc. En la ceremonia de reinauguraci\u00f3n que se celebr\u00f3 participaron el director regional de INJUV Rodrigo Sandoval, la jefa de Dideco, Marcia Ortiz; el Senador V\u00edctor Perez Varela, los concejales Francisco Gui\u00f1ez y Jos\u00e9 Miguel Navarrete y el alcalde Pedro Inostroza. La primera autoridad comunal se\u00f1alo al Portal Yungayino.cl que \u201ccomo Alcalde y en nombre del Concejo municipal, quiero manifestar mi alegr\u00eda por la entrega de este nuevo Infocentro a la comunidad de Yungay, que surge tras la alianza entre el municipio de Yungay y el Instituto Nacional de la Juventud. Estamos ciertos que este lugar, sus equipos y la dotaci\u00f3n tecnol\u00f3gica con la que contar\u00e1, ser\u00e1n una herramienta indispensable para que la comunidad yungayina, y en especial los j\u00f3venes avancen en la alfabetizaci\u00f3n digital y puedan ingresar al mundo del conocimiento de una era globalizada\u201d. Por su parte, el director del Instituto Nacional de la Juventud, Rodrigo Sandoval, agreg\u00f3 que \u201ceste Infocentro permitir\u00e1 acortar la brecha digital, entregar\u00e1 las herramientas necesarias para ello y facilitar\u00e1 el acceso a Internet, que a la vez promueve la apertura a un mundo de conocimiento\u201d.<\/span><\/span><\/p>\n<p><a href=\"http:\/\/www.facebook.com\/media\/set\/?set=a.413143642034014.115478.159561284058919&amp;type=1\"><span style=\"font-family: arial,helvetica,sans-serif;\"><span style=\"font-size: small;\">Fotograf\u00edas<\/span><\/span><\/a><\/p>\n","protected":false},"excerpt":{"rendered":"<p>Yungay, se reinauguro una nueva oficina de Infocentro la cu\u00e1l esta ubicada frente a la Plaza Iquique en las dependencias del ex Liceo A-17, la cu\u00e1l se ejecuto gracias\u00a0a una alianza entre el INJUV&#46;&#46;&#46;<\/p>\n","protected":false},"author":2,"featured_media":15873,"comment_status":"open","ping_status":"open","sticky":false,"template":"","format":"standard","meta":{"footnotes":""},"categories":[1],"tags":[467,1115,8,6],"class_list":["post-7324","post","type-post","status-publish","format-standard","has-post-thumbnail","hentry","category-noticias","tag-infocentro","tag-noticias","tag-yungay","tag-yungayino"],"_links":{"self":[{"href":"https:\/\/www.yungayino.cl\/noticias\/index.php?rest_route=\/wp\/v2\/posts\/7324","targetHints":{"allow":["GET"]}}],"collection":[{"href":"https:\/\/www.yungayino.cl\/noticias\/index.php?rest_route=\/wp\/v2\/posts"}],"about":[{"href":"https:\/\/www.yungayino.cl\/noticias\/index.php?rest_route=\/wp\/v2\/types\/post"}],"author":[{"embeddable":true,"href":"https:\/\/www.yungayino.cl\/noticias\/index.php?rest_route=\/wp\/v2\/users\/2"}],"replies":[{"embeddable":true,"href":"https:\/\/www.yungayino.cl\/noticias\/index.php?rest_route=%2Fwp%2Fv2%2Fcomments&post=7324"}],"version-history":[{"count":5,"href":"https:\/\/www.yungayino.cl\/noticias\/index.php?rest_route=\/wp\/v2\/posts\/7324\/revisions"}],"predecessor-version":[{"id":7332,"href":"https:\/\/www.yungayino.cl\/noticias\/index.php?rest_route=\/wp\/v2\/posts\/7324\/revisions\/7332"}],"wp:featuredmedia":[{"embeddable":true,"href":"https:\/\/www.yungayino.cl\/noticias\/index.php?rest_route=\/wp\/v2\/media\/15873"}],"wp:attachment":[{"href":"https:\/\/www.yungayino.cl\/noticias\/index.php?rest_route=%2Fwp%2Fv2%2Fmedia&parent=7324"}],"wp:term":[{"taxonomy":"category","embeddable":true,"href":"https:\/\/www.yungayino.cl\/noticias\/index.php?rest_route=%2Fwp%2Fv2%2Fcategories&post=7324"},{"taxonomy":"post_tag","embeddable":true,"href":"https:\/\/www.yungayino.cl\/noticias\/index.php?rest_route=%2Fwp%2Fv2%2Ftags&post=7324"}],"curies":[{"name":"wp","href":"https:\/\/api.w.org\/{rel}","templated":true}]}}